{"id":226264,"date":"2025-08-10T19:15:53","date_gmt":"2025-08-11T02:15:53","guid":{"rendered":"https:\/\/rnoticias.com.mx\/Portal\/?p=226264"},"modified":"2025-08-10T19:15:53","modified_gmt":"2025-08-11T02:15:53","slug":"refuerza-hermosillo-acciones-e-inversion-ante-sequia-historica-lluvias-han-sido-insuficientes","status":"publish","type":"post","link":"https:\/\/rnoticias.com.mx\/Portal\/2025\/08\/10\/refuerza-hermosillo-acciones-e-inversion-ante-sequia-historica-lluvias-han-sido-insuficientes\/","title":{"rendered":"Refuerza Hermosillo acciones e inversi\u00f3n ante sequ\u00eda hist\u00f3rica; lluvias han sido insuficientes"},"content":{"rendered":"<p><b data-olk-copy-source=\"MessageBody\">Hermosillo, Sonora; 10 de agosto de 2025.-<\/b>\u00a0Ante una sequ\u00eda sin precedentes, con solo 11.9 mm de lluvia acumulada entre junio y julio de 2025, Hermosillo ha reforzado las acciones con una inversi\u00f3n hist\u00f3rica en el organismo operador Agua, impulsada por el Gobierno Municipal que encabeza Antonio Astiazar\u00e1n Guti\u00e9rrez.<\/p>\n<p aria-hidden=\"true\">\n<p>Renato Ulloa, director del organismo, inform\u00f3 que durante junio y julio el promedio hist\u00f3rico de lluvias en la ciudad era de 92.4 mm, cifra que este a\u00f1o se redujo dr\u00e1sticamente a solo 11.9 mm, lo que ha requerido una estrategia integral para garantizar el abasto del recurso.<\/p>\n<p aria-hidden=\"true\">\n<p>Precis\u00f3 que en este periodo en el a\u00f1o 2022 el promedio de lluvias fue de 162 mm; en 2023, 49.7 mm; en 2024, de 35.1 mm y el 2025 de 11.9 mm, lo que refleja la falta de lluvias para la ciudad.<\/p>\n<p aria-hidden=\"true\">\n<p>Entre las principales acciones se encuentra la operaci\u00f3n de 115 pozos, la instalaci\u00f3n de telemetr\u00eda para detecci\u00f3n de fugas, colocaci\u00f3n de 100 mil medidores, entrega gratuita de 5 mil 200 tinacos en hogares con baja presi\u00f3n, uso de agua tratada para el riego de espacios p\u00fablicos y la implementaci\u00f3n del Modelo CUIDA.<\/p>\n<p aria-hidden=\"true\">\n<p>\u201cCon estas acciones alcanzaremos los 608 millones. Todo ha sido destinado a mejorar la eficiencia operativa, aumentar la disponibilidad de agua, reducir el consumo energ\u00e9tico e incorporar m\u00e1s medidores; ese conjunto de medidas nos ha permitido sacar adelante el servicio\u201d, explic\u00f3.<\/p>\n<p><b>\u00a0<\/b><\/p>\n<p><b>Implementan acciones hist\u00f3ricas para reducir costos de operatividad<\/b><\/p>\n<p aria-hidden=\"true\">\n<p>Para reducir costos de operaci\u00f3n, se han puesto en marcha innovaciones como el uso de energ\u00eda solar en el Acueducto Independencia, la instalaci\u00f3n de dos macrobater\u00edas que almacenan energ\u00eda en horarios de tarifa baja para suministrarla en horas de tarifa alta y paneles solares en diversos pozos.<\/p>\n<p aria-hidden=\"true\">\n<p>\u201cAlgo muy novedoso, que ning\u00fan otro organismo tiene, es que tambi\u00e9n adquirimos bater\u00edas instaladas en dos puntos estrat\u00e9gicos. Se cargan cuando la energ\u00eda es m\u00e1s barata y, cuando la CFE cambia a tarifas m\u00e1s altas, nos desconectamos y usamos esa energ\u00eda almacenada\u201d, detall\u00f3.<\/p>\n<p aria-hidden=\"true\">\n<p>Agua de Hermosillo es actualmente el principal consumidor de la Comisi\u00f3n Federal de Electricidad (CFE) en la ciudad, por lo que estas acciones permitir\u00e1n generar ahorros significativos con base en innovaci\u00f3n y sustentabilidad.<\/p>\n<p aria-hidden=\"true\">\n<p>Finalmente, Renato Ulloa hizo un llamado a la ciudadan\u00eda a cuidar el agua, ya que los esfuerzos del Gobierno Municipal y Agua de Hermosillo no ser\u00e1n suficientes sin la participaci\u00f3n consciente de la sociedad.<\/p>\n<p aria-hidden=\"true\">\n","protected":false},"excerpt":{"rendered":"<p>Hermosillo, Sonora; 10 de agosto de 2025.-\u00a0Ante una sequ\u00eda sin precedentes, con solo 11.9 mm de lluvia acumulada entre junio y julio de 2025, Hermosillo ha reforzado las acciones con una inversi\u00f3n hist\u00f3rica en el organismo operador Agua, impulsada por el Gobierno Municipal que encabeza Antonio Astiazar\u00e1n Guti\u00e9rrez. Renato Ulloa, director del organismo, inform\u00f3 que [&hellip;]<\/p>\n","protected":false},"author":2,"featured_media":226265,"comment_status":"closed","ping_status":"closed","sticky":false,"template":"","format":"standard","meta":{"footnotes":""},"categories":[12870,178],"tags":[12865,12869],"class_list":["post-226264","post","type-post","status-publish","format-standard","has-post-thumbnail","hentry","category-destacadas","category-local","tag-destacadas","tag-local"],"jetpack_featured_media_url":"https:\/\/rnoticias.com.mx\/Portal\/wp-content\/uploads\/2025\/08\/thumbnail_WhatsApp-Image-2025-08-10-at-4.53.26-PM.jpg","amp_enabled":true,"_links":{"self":[{"href":"https:\/\/rnoticias.com.mx\/Portal\/wp-json\/wp\/v2\/posts\/226264","targetHints":{"allow":["GET"]}}],"collection":[{"href":"https:\/\/rnoticias.com.mx\/Portal\/wp-json\/wp\/v2\/posts"}],"about":[{"href":"https:\/\/rnoticias.com.mx\/Portal\/wp-json\/wp\/v2\/types\/post"}],"author":[{"embeddable":true,"href":"https:\/\/rnoticias.com.mx\/Portal\/wp-json\/wp\/v2\/users\/2"}],"replies":[{"embeddable":true,"href":"https:\/\/rnoticias.com.mx\/Portal\/wp-json\/wp\/v2\/comments?post=226264"}],"version-history":[{"count":1,"href":"https:\/\/rnoticias.com.mx\/Portal\/wp-json\/wp\/v2\/posts\/226264\/revisions"}],"predecessor-version":[{"id":226266,"href":"https:\/\/rnoticias.com.mx\/Portal\/wp-json\/wp\/v2\/posts\/226264\/revisions\/226266"}],"wp:featuredmedia":[{"embeddable":true,"href":"https:\/\/rnoticias.com.mx\/Portal\/wp-json\/wp\/v2\/media\/226265"}],"wp:attachment":[{"href":"https:\/\/rnoticias.com.mx\/Portal\/wp-json\/wp\/v2\/media?parent=226264"}],"wp:term":[{"taxonomy":"category","embeddable":true,"href":"https:\/\/rnoticias.com.mx\/Portal\/wp-json\/wp\/v2\/categories?post=226264"},{"taxonomy":"post_tag","embeddable":true,"href":"https:\/\/rnoticias.com.mx\/Portal\/wp-json\/wp\/v2\/tags?post=226264"}],"curies":[{"name":"wp","href":"https:\/\/api.w.org\/{rel}","templated":true}]}}