{"id":226261,"date":"2025-08-10T19:10:45","date_gmt":"2025-08-11T02:10:45","guid":{"rendered":"https:\/\/rnoticias.com.mx\/Portal\/?p=226261"},"modified":"2025-08-10T19:10:45","modified_gmt":"2025-08-11T02:10:45","slug":"fernandez-norona-opina-sobre-los-ataques-dentro-del-movimiento-de-la-4t-francamente-lamentables","status":"publish","type":"post","link":"https:\/\/rnoticias.com.mx\/Portal\/2025\/08\/10\/fernandez-norona-opina-sobre-los-ataques-dentro-del-movimiento-de-la-4t-francamente-lamentables\/","title":{"rendered":"Fern\u00e1ndez Noro\u00f1a opina sobre los ataques dentro del movimiento de la 4T: \u2018francamente lamentables\u2019"},"content":{"rendered":"<div class=\"elementor-element elementor-element-a5c3739 elementor-widget elementor-widget-theme-post-content\" data-id=\"a5c3739\" data-element_type=\"widget\" data-widget_type=\"theme-post-content.default\">\n<div class=\"elementor-widget-container\">\n<p>El legislador de Morena y ex presidente de la Mesa Directiva del Senado, Gerardo Fern\u00e1ndez Noro\u00f1a,\u00a0<a href=\"https:\/\/www.milenio.com\/politica\/norona-correcto-comprar-conforme-puedas-pagar?utm_cmp_rs=Nota%20Enlace%20Editorial\" target=\"_blank\" rel=\"noreferrer noopener nofollow\">critic\u00f3 los ataques dentro de su partido,<\/a>\u00a0y acus\u00f3 que se trata de una situaci\u00f3n \u201cfrancamente lamentable\u201d; publica\u00a0<strong><em>MILENIO<\/em><\/strong>.<\/p>\n<p>A trav\u00e9s de sus redes sociales, el ex aspirante presidencial se\u00f1al\u00f3 que es natural que\u00a0<strong>sea la derecha la que ataque, intrigue, tergiverse, haga insidia y genere desinformaci\u00f3n<\/strong>, pero no que ocurra dentro del movimiento al que pertenece.<\/p>\n<blockquote class=\"wp-block-quote is-layout-flow wp-block-quote-is-layout-flow\"><p>\u201cQue la derecha ataque, intrigue, tergiverse, haga insidia y genere desinformaci\u00f3n es natural y entendible. Que ello se genere desde dentro del movimiento, francamente es lamentable\u201d escribi\u00f3.<\/p><\/blockquote>\n<p>Noro\u00f1a ya hab\u00eda admitido que\u00a0<a href=\"https:\/\/www.milenio.com\/politica\/norona-reconoce-golpeteo-morena-caso-adan-augusto?utm_cmp_rs=Nota%20Enlace%20Editorial\" target=\"_blank\" rel=\"noreferrer noopener nofollow\">exist\u00eda golpeteo dentro de Morena<\/a>, pero fue por el caso del ex secretario de Gobernaci\u00f3n, Ad\u00e1n Augusto L\u00f3pez, pero sostuvo que las diferencias internas no son insalvables.<\/p>\n<blockquote class=\"wp-block-quote is-layout-flow wp-block-quote-is-layout-flow\"><p>\u201cCreo que hay un problema. Si la ofensiva fuese solo de la derecha, se entiende, pero me parece que s\u00ed hay un golpeteo interno y me parece que es muy irresponsable ese golpeteo interno, no creo que sea insalvable\u201d, afirm\u00f3 el presidente del Senado.<\/p><\/blockquote>\n<p>Aunque confi\u00f3 en que\u00a0<strong>la unidad terminar\u00e1 por imperar en el partido, reconoci\u00f3 que es necesario un espacio de reflexi\u00f3n interna<\/strong>\u00a0que dirima el golpeteo que se ha generado a partir de lo que llam\u00f3 \u201cambiciones\u201d de algunos morenistas.<\/p>\n<p>&nbsp;<\/p>\n<\/div>\n<\/div>\n<div class=\"elementor-element elementor-element-4ccbd0ed e-con-full e-flex e-con e-child\" data-id=\"4ccbd0ed\" data-element_type=\"container\">\n<div class=\"elementor-element elementor-element-3c0ccd4d elementor-widget elementor-widget-heading\" data-id=\"3c0ccd4d\" data-element_type=\"widget\" data-widget_type=\"heading.default\">\n<div class=\"elementor-widget-container\">\n<p class=\"elementor-heading-title elementor-size-default\">Fuente: Con informaci\u00f3n de MILENIO<\/p>\n<\/div>\n<\/div>\n<\/div>\n","protected":false},"excerpt":{"rendered":"<p>El legislador de Morena y ex presidente de la Mesa Directiva del Senado, Gerardo Fern\u00e1ndez Noro\u00f1a,\u00a0critic\u00f3 los ataques dentro de su partido,\u00a0y acus\u00f3 que se trata de una situaci\u00f3n \u201cfrancamente lamentable\u201d; publica\u00a0MILENIO. A trav\u00e9s de sus redes sociales, el ex aspirante presidencial se\u00f1al\u00f3 que es natural que\u00a0sea la derecha la que ataque, intrigue, tergiverse, haga [&hellip;]<\/p>\n","protected":false},"author":2,"featured_media":226262,"comment_status":"closed","ping_status":"closed","sticky":false,"template":"","format":"standard","meta":{"footnotes":""},"categories":[12870,12868],"tags":[12865,12879],"class_list":["post-226261","post","type-post","status-publish","format-standard","has-post-thumbnail","hentry","category-destacadas","category-politica","tag-destacadas","tag-politica"],"jetpack_featured_media_url":"https:\/\/rnoticias.com.mx\/Portal\/wp-content\/uploads\/2025\/08\/large_Conferencia_GFN_b620b8559e.webp","amp_enabled":true,"_links":{"self":[{"href":"https:\/\/rnoticias.com.mx\/Portal\/wp-json\/wp\/v2\/posts\/226261","targetHints":{"allow":["GET"]}}],"collection":[{"href":"https:\/\/rnoticias.com.mx\/Portal\/wp-json\/wp\/v2\/posts"}],"about":[{"href":"https:\/\/rnoticias.com.mx\/Portal\/wp-json\/wp\/v2\/types\/post"}],"author":[{"embeddable":true,"href":"https:\/\/rnoticias.com.mx\/Portal\/wp-json\/wp\/v2\/users\/2"}],"replies":[{"embeddable":true,"href":"https:\/\/rnoticias.com.mx\/Portal\/wp-json\/wp\/v2\/comments?post=226261"}],"version-history":[{"count":1,"href":"https:\/\/rnoticias.com.mx\/Portal\/wp-json\/wp\/v2\/posts\/226261\/revisions"}],"predecessor-version":[{"id":226263,"href":"https:\/\/rnoticias.com.mx\/Portal\/wp-json\/wp\/v2\/posts\/226261\/revisions\/226263"}],"wp:featuredmedia":[{"embeddable":true,"href":"https:\/\/rnoticias.com.mx\/Portal\/wp-json\/wp\/v2\/media\/226262"}],"wp:attachment":[{"href":"https:\/\/rnoticias.com.mx\/Portal\/wp-json\/wp\/v2\/media?parent=226261"}],"wp:term":[{"taxonomy":"category","embeddable":true,"href":"https:\/\/rnoticias.com.mx\/Portal\/wp-json\/wp\/v2\/categories?post=226261"},{"taxonomy":"post_tag","embeddable":true,"href":"https:\/\/rnoticias.com.mx\/Portal\/wp-json\/wp\/v2\/tags?post=226261"}],"curies":[{"name":"wp","href":"https:\/\/api.w.org\/{rel}","templated":true}]}}