{"id":226255,"date":"2025-08-10T19:07:40","date_gmt":"2025-08-11T02:07:40","guid":{"rendered":"https:\/\/rnoticias.com.mx\/Portal\/?p=226255"},"modified":"2025-08-10T19:07:40","modified_gmt":"2025-08-11T02:07:40","slug":"isaac-del-toro-hace-historia-y-gana-la-vuelta-a-burgos-2025","status":"publish","type":"post","link":"https:\/\/rnoticias.com.mx\/Portal\/2025\/08\/10\/isaac-del-toro-hace-historia-y-gana-la-vuelta-a-burgos-2025\/","title":{"rendered":"Isaac del Toro hace historia y gana la Vuelta a Burgos 2025"},"content":{"rendered":"<p>El mexicano, Isaac del Toro logr\u00f3 una haza\u00f1a sin precedentes al ser el ganador de la Vuelta a Burgos 2025, convirti\u00e9ndose en el primer ciclista de M\u00e9xico en conquistar esta competencia y el cuarto latinoamericano en la historia en conseguirlo.<\/p>\n<p>&nbsp;<\/p>\n<p>El pedalista de Ensenada, Baja California, de 21 a\u00f1os, se uni\u00f3 a la lista de leyendas encabezada por los colombianos Mauricio Soler (2007), Nairo Quintana (2013 y 2014) e Iv\u00e1n Ramiro Sosa (2018 y 2019). Su triunfo fue a\u00fan m\u00e1s especial porque no gan\u00f3 ninguna etapa, pero su regularidad lo mantuvo siempre en la pelea por el liderato.<\/p>\n<div class=\"jeg_ad jeg_ad_article jnews_content_inline_ads  \"><\/div>\n<p>En la quinta y \u00faltima etapa, disputada en las Lagunas de Neila, Del Toro finaliz\u00f3 en el segundo lugar, lo que le bast\u00f3 para asegurarse la victoria general con un tiempo acumulado de 19 horas, 46 minutos y 48 segundos. La jornada fue ganada por el italiano Giulio Ciccone con un tiempo de 3:23:16, mientras que el podio general lo completaron Lorenzo Fortunato (+19 segundos) y L\u00e9o Bisiaux (+25 segundos).<\/p>\n<p>&nbsp;<\/p>\n<p>El momento m\u00e1s dram\u00e1tico se vivi\u00f3 a falta de 14 kil\u00f3metros para la meta, cuando Isaac del Toro sufri\u00f3 un pinchazo en su bicicleta durante el \u00faltimo descenso. La aver\u00eda puso en riesgo su liderato, pero gracias a una r\u00e1pida asistencia de su equipo UAE Team Emirates, el mexicano cambi\u00f3 de bicicleta y logr\u00f3 recuperarse en el \u00faltimo ascenso, mostrando car\u00e1cter y fortaleza para mantener la ventaja en la clasificaci\u00f3n general.<\/p>\n<p>&nbsp;<\/p>\n<p>La etapa final comenz\u00f3 con un ritmo controlado en el pelot\u00f3n hasta que Jai Hindley y Nico Denz lanzaron un ataque en el kil\u00f3metro 24. Poco despu\u00e9s, Txomin Juaristi y Ra\u00fal Garc\u00eda Pierna tomaron la delantera, pero el grupo principal aceler\u00f3 en los \u00faltimos cinco kil\u00f3metros. Afonso Eulalio intent\u00f3 sorprender con una ventaja de 25 segundos, aunque fue neutralizado antes del cierre, donde Ciccone atac\u00f3 para quedarse con la victoria parcial.<\/p>\n","protected":false},"excerpt":{"rendered":"<p>El mexicano, Isaac del Toro logr\u00f3 una haza\u00f1a sin precedentes al ser el ganador de la Vuelta a Burgos 2025, convirti\u00e9ndose en el primer ciclista de M\u00e9xico en conquistar esta competencia y el cuarto latinoamericano en la historia en conseguirlo. &nbsp; El pedalista de Ensenada, Baja California, de 21 a\u00f1os, se uni\u00f3 a la lista [&hellip;]<\/p>\n","protected":false},"author":2,"featured_media":226256,"comment_status":"closed","ping_status":"closed","sticky":false,"template":"","format":"standard","meta":{"footnotes":""},"categories":[188,12870],"tags":[5231,12865],"class_list":["post-226255","post","type-post","status-publish","format-standard","has-post-thumbnail","hentry","category-deportes","category-destacadas","tag-deportes","tag-destacadas"],"jetpack_featured_media_url":"https:\/\/rnoticias.com.mx\/Portal\/wp-content\/uploads\/2025\/08\/3357006.jpg","amp_enabled":true,"_links":{"self":[{"href":"https:\/\/rnoticias.com.mx\/Portal\/wp-json\/wp\/v2\/posts\/226255","targetHints":{"allow":["GET"]}}],"collection":[{"href":"https:\/\/rnoticias.com.mx\/Portal\/wp-json\/wp\/v2\/posts"}],"about":[{"href":"https:\/\/rnoticias.com.mx\/Portal\/wp-json\/wp\/v2\/types\/post"}],"author":[{"embeddable":true,"href":"https:\/\/rnoticias.com.mx\/Portal\/wp-json\/wp\/v2\/users\/2"}],"replies":[{"embeddable":true,"href":"https:\/\/rnoticias.com.mx\/Portal\/wp-json\/wp\/v2\/comments?post=226255"}],"version-history":[{"count":1,"href":"https:\/\/rnoticias.com.mx\/Portal\/wp-json\/wp\/v2\/posts\/226255\/revisions"}],"predecessor-version":[{"id":226257,"href":"https:\/\/rnoticias.com.mx\/Portal\/wp-json\/wp\/v2\/posts\/226255\/revisions\/226257"}],"wp:featuredmedia":[{"embeddable":true,"href":"https:\/\/rnoticias.com.mx\/Portal\/wp-json\/wp\/v2\/media\/226256"}],"wp:attachment":[{"href":"https:\/\/rnoticias.com.mx\/Portal\/wp-json\/wp\/v2\/media?parent=226255"}],"wp:term":[{"taxonomy":"category","embeddable":true,"href":"https:\/\/rnoticias.com.mx\/Portal\/wp-json\/wp\/v2\/categories?post=226255"},{"taxonomy":"post_tag","embeddable":true,"href":"https:\/\/rnoticias.com.mx\/Portal\/wp-json\/wp\/v2\/tags?post=226255"}],"curies":[{"name":"wp","href":"https:\/\/api.w.org\/{rel}","templated":true}]}}