{"id":226252,"date":"2025-08-10T19:04:55","date_gmt":"2025-08-11T02:04:55","guid":{"rendered":"https:\/\/rnoticias.com.mx\/Portal\/?p=226252"},"modified":"2025-08-10T19:04:55","modified_gmt":"2025-08-11T02:04:55","slug":"gobierno-de-sonora-informa-que-seguiran-lluvias-en-el-estado-en-las-proximas-horas","status":"publish","type":"post","link":"https:\/\/rnoticias.com.mx\/Portal\/2025\/08\/10\/gobierno-de-sonora-informa-que-seguiran-lluvias-en-el-estado-en-las-proximas-horas\/","title":{"rendered":"Gobierno de Sonora informa que seguir\u00e1n lluvias en el estado en las pr\u00f3ximas horas"},"content":{"rendered":"<p>Hermosillo, Sonora. 10 de agosto. El Gobierno de Sonora a trav\u00e9s de la Coordinaci\u00f3n Estatal de Protecci\u00f3n Civil (CEPC) informa que hay pron\u00f3stico de que seguir\u00e1n present\u00e1ndose lluvias en el territorio estatal en las pr\u00f3ximas horas.<\/p>\n<p>Se espera una amplia generaci\u00f3n de tormentas sobre el territorio sonorense.<\/p>\n<p>Se espera que durante las pr\u00f3ximas horas inicie la actividad convectiva sobre la regi\u00f3n norte y sierra madre occidental, la cu\u00e1l, mantendr\u00e1 una proyecci\u00f3n similar al d\u00eda de ayer, en que se generaron las lluvias en la regi\u00f3n serrana y luego avanzaron hacia la mayor parte del territorio estatal.<\/p>\n<p>Se espera que esta amplia actividad genere precipitaciones pluviales de moderadas a fuertes, rachas de viento y descargas el\u00e9ctricas sobre la mayor parte del territorio, iniciando sobre el norte, nororiente y oriente.<\/p>\n<p>A su vez, la proyecci\u00f3n indica un desplazamiento hacia el centro del estado y los municipios del sur durante la noche.<\/p>\n<p>Se recomienda tomar precauciones y atender las indicaciones de las autoridades locales.<\/p>\n","protected":false},"excerpt":{"rendered":"<p>Hermosillo, Sonora. 10 de agosto. El Gobierno de Sonora a trav\u00e9s de la Coordinaci\u00f3n Estatal de Protecci\u00f3n Civil (CEPC) informa que hay pron\u00f3stico de que seguir\u00e1n present\u00e1ndose lluvias en el territorio estatal en las pr\u00f3ximas horas. Se espera una amplia generaci\u00f3n de tormentas sobre el territorio sonorense. Se espera que durante las pr\u00f3ximas horas inicie [&hellip;]<\/p>\n","protected":false},"author":2,"featured_media":226253,"comment_status":"closed","ping_status":"closed","sticky":false,"template":"","format":"standard","meta":{"footnotes":""},"categories":[12870,178],"tags":[12865,12869],"class_list":["post-226252","post","type-post","status-publish","format-standard","has-post-thumbnail","hentry","category-destacadas","category-local","tag-destacadas","tag-local"],"jetpack_featured_media_url":"https:\/\/rnoticias.com.mx\/Portal\/wp-content\/uploads\/2025\/08\/677.jpg","amp_enabled":true,"_links":{"self":[{"href":"https:\/\/rnoticias.com.mx\/Portal\/wp-json\/wp\/v2\/posts\/226252","targetHints":{"allow":["GET"]}}],"collection":[{"href":"https:\/\/rnoticias.com.mx\/Portal\/wp-json\/wp\/v2\/posts"}],"about":[{"href":"https:\/\/rnoticias.com.mx\/Portal\/wp-json\/wp\/v2\/types\/post"}],"author":[{"embeddable":true,"href":"https:\/\/rnoticias.com.mx\/Portal\/wp-json\/wp\/v2\/users\/2"}],"replies":[{"embeddable":true,"href":"https:\/\/rnoticias.com.mx\/Portal\/wp-json\/wp\/v2\/comments?post=226252"}],"version-history":[{"count":1,"href":"https:\/\/rnoticias.com.mx\/Portal\/wp-json\/wp\/v2\/posts\/226252\/revisions"}],"predecessor-version":[{"id":226254,"href":"https:\/\/rnoticias.com.mx\/Portal\/wp-json\/wp\/v2\/posts\/226252\/revisions\/226254"}],"wp:featuredmedia":[{"embeddable":true,"href":"https:\/\/rnoticias.com.mx\/Portal\/wp-json\/wp\/v2\/media\/226253"}],"wp:attachment":[{"href":"https:\/\/rnoticias.com.mx\/Portal\/wp-json\/wp\/v2\/media?parent=226252"}],"wp:term":[{"taxonomy":"category","embeddable":true,"href":"https:\/\/rnoticias.com.mx\/Portal\/wp-json\/wp\/v2\/categories?post=226252"},{"taxonomy":"post_tag","embeddable":true,"href":"https:\/\/rnoticias.com.mx\/Portal\/wp-json\/wp\/v2\/tags?post=226252"}],"curies":[{"name":"wp","href":"https:\/\/api.w.org\/{rel}","templated":true}]}}