{"id":226249,"date":"2025-08-10T19:02:28","date_gmt":"2025-08-11T02:02:28","guid":{"rendered":"https:\/\/rnoticias.com.mx\/Portal\/?p=226249"},"modified":"2025-08-10T19:02:28","modified_gmt":"2025-08-11T02:02:28","slug":"arranca-gobierno-de-sonora-el-preclasificatorio-de-fiba-en-obregon","status":"publish","type":"post","link":"https:\/\/rnoticias.com.mx\/Portal\/2025\/08\/10\/arranca-gobierno-de-sonora-el-preclasificatorio-de-fiba-en-obregon\/","title":{"rendered":"Arranca Gobierno de Sonora el preclasificatorio de FIBA en Obreg\u00f3n"},"content":{"rendered":"<p>Hermosillo, Sonora; 09 de agosto de 2025.- Con gran \u00e9xito y un ambiente lleno de emoci\u00f3n, transcurri\u00f3 el primer d\u00eda de juegos del preclasificatorio de baloncesto rumbo a la Copa Mundial FIBA 2027 en Ciudad Obreg\u00f3n, donde las selecciones internacionales de Jamaica, Barbados, Costa Rica y M\u00e9xico mostraron su talento y esp\u00edritu deportivo.<\/p>\n<p>Las estrategias implementadas por el gobernador Alfonso Durazo permitieron reactivar sectores como la hoteler\u00eda, el transporte y el comercio, estimando una derrama econ\u00f3mica superior a los cuatro millones de pesos al finalizar los enfrentamientos entre las mencionadas selecciones.<\/p>\n<p>Ante miles de aficionados al baloncesto, la Arena ITSON puso en alto el talento deportivo sonorense durante el primer enfrentamiento Jamaica vs. Barbados, que termin\u00f3 con un marcador de 101 a 79 a favor del equipo de Jamaica, mientras que en el M\u00e9xico vs. Costa Rica, los locales hicieron lo propio venciendo al cuadro tico por 77 a 66.<\/p>\n<p>La Selecci\u00f3n Mexicana, en la que participan los sonorenses Paco Cruz y Jorge Camacho, dirigidos por el nogalense Omar Quintero, demostr\u00f3 que el talento local, respaldado por el Gobierno de Sonora, es una herramienta clave para la transformaci\u00f3n social y el fortalecimiento del deporte en todos los \u00e1mbitos.<\/p>\n","protected":false},"excerpt":{"rendered":"<p>Hermosillo, Sonora; 09 de agosto de 2025.- Con gran \u00e9xito y un ambiente lleno de emoci\u00f3n, transcurri\u00f3 el primer d\u00eda de juegos del preclasificatorio de baloncesto rumbo a la Copa Mundial FIBA 2027 en Ciudad Obreg\u00f3n, donde las selecciones internacionales de Jamaica, Barbados, Costa Rica y M\u00e9xico mostraron su talento y esp\u00edritu deportivo. Las estrategias [&hellip;]<\/p>\n","protected":false},"author":2,"featured_media":226250,"comment_status":"closed","ping_status":"closed","sticky":false,"template":"","format":"standard","meta":{"footnotes":""},"categories":[188,12870],"tags":[5231,12865],"class_list":["post-226249","post","type-post","status-publish","format-standard","has-post-thumbnail","hentry","category-deportes","category-destacadas","tag-deportes","tag-destacadas"],"jetpack_featured_media_url":"https:\/\/rnoticias.com.mx\/Portal\/wp-content\/uploads\/2025\/08\/unnamed-24.jpg","amp_enabled":true,"_links":{"self":[{"href":"https:\/\/rnoticias.com.mx\/Portal\/wp-json\/wp\/v2\/posts\/226249","targetHints":{"allow":["GET"]}}],"collection":[{"href":"https:\/\/rnoticias.com.mx\/Portal\/wp-json\/wp\/v2\/posts"}],"about":[{"href":"https:\/\/rnoticias.com.mx\/Portal\/wp-json\/wp\/v2\/types\/post"}],"author":[{"embeddable":true,"href":"https:\/\/rnoticias.com.mx\/Portal\/wp-json\/wp\/v2\/users\/2"}],"replies":[{"embeddable":true,"href":"https:\/\/rnoticias.com.mx\/Portal\/wp-json\/wp\/v2\/comments?post=226249"}],"version-history":[{"count":1,"href":"https:\/\/rnoticias.com.mx\/Portal\/wp-json\/wp\/v2\/posts\/226249\/revisions"}],"predecessor-version":[{"id":226251,"href":"https:\/\/rnoticias.com.mx\/Portal\/wp-json\/wp\/v2\/posts\/226249\/revisions\/226251"}],"wp:featuredmedia":[{"embeddable":true,"href":"https:\/\/rnoticias.com.mx\/Portal\/wp-json\/wp\/v2\/media\/226250"}],"wp:attachment":[{"href":"https:\/\/rnoticias.com.mx\/Portal\/wp-json\/wp\/v2\/media?parent=226249"}],"wp:term":[{"taxonomy":"category","embeddable":true,"href":"https:\/\/rnoticias.com.mx\/Portal\/wp-json\/wp\/v2\/categories?post=226249"},{"taxonomy":"post_tag","embeddable":true,"href":"https:\/\/rnoticias.com.mx\/Portal\/wp-json\/wp\/v2\/tags?post=226249"}],"curies":[{"name":"wp","href":"https:\/\/api.w.org\/{rel}","templated":true}]}}