{"id":226219,"date":"2025-08-09T13:05:19","date_gmt":"2025-08-09T20:05:19","guid":{"rendered":"https:\/\/rnoticias.com.mx\/Portal\/?p=226219"},"modified":"2025-08-09T13:05:19","modified_gmt":"2025-08-09T20:05:19","slug":"reconocen-a-academico-de-la-unison-mario-enrique-alvarez-ramos-como-investigador-nacional-emerito","status":"publish","type":"post","link":"https:\/\/rnoticias.com.mx\/Portal\/2025\/08\/09\/reconocen-a-academico-de-la-unison-mario-enrique-alvarez-ramos-como-investigador-nacional-emerito\/","title":{"rendered":"Reconocen a acad\u00e9mico de la Unison, Mario Enrique \u00c1lvarez Ramos, como Investigador Nacional Em\u00e9rito"},"content":{"rendered":"<p>En reconocimiento a su sobresaliente trayectoria en el desarrollo cient\u00edfico y aportaciones en la caracterizaci\u00f3n de propiedades \u00f3pticas de nuevos materiales, Mario Enrique \u00c1lvarez Ramos, docente de la Universidad de Sonora, fue distinguido como Investigador Nacional Em\u00e9rito por parte de la Secretar\u00eda de Ciencia, Humanidades, Tecnolog\u00eda e Innovaci\u00f3n (Secihti).<\/p>\n<p>Al respecto, el profesor investigador del Departamento de F\u00edsica, manifest\u00f3 sentirse contento y sumamente satisfecho al ver que el trabajo realizado por m\u00e1s de cuatro d\u00e9cadas en las aulas y laboratorios de la m\u00e1xima casa de estudios del estado, as\u00ed como colaboraciones con otras instituciones, ha sido reconocido a nivel regional, nacional e internacional.<\/p>\n<p>Coment\u00f3 que, como parte de su labor como cient\u00edfico e investigador en la Universidad de Sonora, destaca la creaci\u00f3n y consolidaci\u00f3n del Posgrado en Nanotecnolog\u00eda, tanto a nivel maestr\u00eda como doctorado, programa que logr\u00f3 en tiempo r\u00e9cord pasar de la categor\u00eda de nueva creaci\u00f3n a ser de grado consolidado.<\/p>\n<p>Pieza clave en el desarrollo de la actividad cient\u00edfica de la Unison<br \/>\nFormado como f\u00edsico en las aulas de la Universidad de Sonora y con estudios de maestr\u00eda y doctorado en la Universidad Aut\u00f3noma Metropolitana (UAM), \u00c1lvarez Ramos ha sido pieza clave en la transformaci\u00f3n del Departamento de F\u00edsica al impulsar un modelo de investigaci\u00f3n consolidada.<\/p>\n<p>Record\u00f3 que ingres\u00f3 al Sistema Nacional de Investigadores en 1995, convirti\u00e9ndose en el primer integrante del Departamento de F\u00edsica en formar parte de este padr\u00f3n y del cual, ha sido parte ininterrumpidamente a lo largo de 30 a\u00f1os, tiempo que se cumplir\u00e1 el pr\u00f3ximo mes de septiembre.<\/p>\n<p>Coment\u00f3 que su experiencia docente inici\u00f3 en 1983, lapso en el cual ha dirigido m\u00e1s de 35 tesis de licenciatura, maestr\u00eda y doctorado; es autor de m\u00e1s de 120 art\u00edculos cient\u00edficos especializados y con m\u00e1s de 1,500 citas acad\u00e9micas de sus trabajos; tambi\u00e9n ha participado en el dise\u00f1o curricular de programas educativos, elaboraci\u00f3n de material did\u00e1ctico y manuales de laboratorio.<\/p>\n<p>En entrevista, el docente universitario dijo que tambi\u00e9n ha sido promotor de nuevas generaciones de investigadores para los que ha gestionado no solo infraestructura experimental sino tambi\u00e9n su incorporaci\u00f3n a las C\u00e1tedras Conacyt -ahora C\u00e1tedras por M\u00e9xico- mediante la participaci\u00f3n y colaboraci\u00f3n con instituciones de Estados Unidos, Espa\u00f1a e Italia, primordialmente.<\/p>\n<p>Tambi\u00e9n se ha interesado en la creaci\u00f3n de infraestructura experimental, \u00fanica en la instituci\u00f3n, lo que permiti\u00f3 la instalaci\u00f3n y funcionamiento de cinco laboratorios<\/p>\n<p>especializados, entre los que destaca el de \u00d3ptica Biom\u00e9dica y Espectroscop\u00eda, orientado al estudio de tejidos humanos para el tratamiento con luz infrarroja.<\/p>\n<p>El nuevo Investigador Nacional Em\u00e9rito, es el tercer acad\u00e9mico de la Universidad de Sonora en alcanzar esta distinci\u00f3n, junto con Marcelino Barbosa Flores, del Departamento de Investigaci\u00f3n en F\u00edsica, y Zarina Estrada Fern\u00e1ndez, del Departamento de Letras y Ling\u00fc\u00edstica.<\/p>\n<p>Asimismo, \u00c1lvarez Ramos recibi\u00f3 el Premio Universidad de Sonora a la Trayectoria y al M\u00e9rito Acad\u00e9mico 2022, el m\u00e1ximo reconocimiento que otorga la instituci\u00f3n al personal docente.<\/p>\n<p>Luego de expresar reiteradamente sentirse orgulloso del reconocimiento, \u00c1lvarez Ramos dijo que actualmente impulsa la creaci\u00f3n de una nueva maestr\u00eda en f\u00edsica de dispositivos semiconductores.<\/p>\n<p>Con esta distinci\u00f3n vitalicia como Investigador Nacional Em\u00e9rito, Mario Enrique \u00c1lvarez Ramos se consolida como un referente en el \u00e1mbito cient\u00edfico nacional y en el fortalecimiento acad\u00e9mico de la Universidad de Sonora, instituci\u00f3n que se honra en contar con su reconocida trayectoria y aportaciones.<\/p>\n","protected":false},"excerpt":{"rendered":"<p>En reconocimiento a su sobresaliente trayectoria en el desarrollo cient\u00edfico y aportaciones en la caracterizaci\u00f3n de propiedades \u00f3pticas de nuevos materiales, Mario Enrique \u00c1lvarez Ramos, docente de la Universidad de Sonora, fue distinguido como Investigador Nacional Em\u00e9rito por parte de la Secretar\u00eda de Ciencia, Humanidades, Tecnolog\u00eda e Innovaci\u00f3n (Secihti). Al respecto, el profesor investigador del [&hellip;]<\/p>\n","protected":false},"author":2,"featured_media":226220,"comment_status":"closed","ping_status":"closed","sticky":false,"template":"","format":"standard","meta":{"footnotes":""},"categories":[12870,178],"tags":[12865,12869],"class_list":["post-226219","post","type-post","status-publish","format-standard","has-post-thumbnail","hentry","category-destacadas","category-local","tag-destacadas","tag-local"],"jetpack_featured_media_url":"https:\/\/rnoticias.com.mx\/Portal\/wp-content\/uploads\/2025\/08\/9a870265-c09e-419d-92bc-a153ee3c39d5.jpg","amp_enabled":true,"_links":{"self":[{"href":"https:\/\/rnoticias.com.mx\/Portal\/wp-json\/wp\/v2\/posts\/226219","targetHints":{"allow":["GET"]}}],"collection":[{"href":"https:\/\/rnoticias.com.mx\/Portal\/wp-json\/wp\/v2\/posts"}],"about":[{"href":"https:\/\/rnoticias.com.mx\/Portal\/wp-json\/wp\/v2\/types\/post"}],"author":[{"embeddable":true,"href":"https:\/\/rnoticias.com.mx\/Portal\/wp-json\/wp\/v2\/users\/2"}],"replies":[{"embeddable":true,"href":"https:\/\/rnoticias.com.mx\/Portal\/wp-json\/wp\/v2\/comments?post=226219"}],"version-history":[{"count":1,"href":"https:\/\/rnoticias.com.mx\/Portal\/wp-json\/wp\/v2\/posts\/226219\/revisions"}],"predecessor-version":[{"id":226221,"href":"https:\/\/rnoticias.com.mx\/Portal\/wp-json\/wp\/v2\/posts\/226219\/revisions\/226221"}],"wp:featuredmedia":[{"embeddable":true,"href":"https:\/\/rnoticias.com.mx\/Portal\/wp-json\/wp\/v2\/media\/226220"}],"wp:attachment":[{"href":"https:\/\/rnoticias.com.mx\/Portal\/wp-json\/wp\/v2\/media?parent=226219"}],"wp:term":[{"taxonomy":"category","embeddable":true,"href":"https:\/\/rnoticias.com.mx\/Portal\/wp-json\/wp\/v2\/categories?post=226219"},{"taxonomy":"post_tag","embeddable":true,"href":"https:\/\/rnoticias.com.mx\/Portal\/wp-json\/wp\/v2\/tags?post=226219"}],"curies":[{"name":"wp","href":"https:\/\/api.w.org\/{rel}","templated":true}]}}