{"id":226213,"date":"2025-08-09T13:02:50","date_gmt":"2025-08-09T20:02:50","guid":{"rendered":"https:\/\/rnoticias.com.mx\/Portal\/?p=226213"},"modified":"2025-08-09T13:02:50","modified_gmt":"2025-08-09T20:02:50","slug":"monreal-pide-a-sergio-gutierrez-luna-dar-la-cara-y-aclarar-lujos-exhibidos","status":"publish","type":"post","link":"https:\/\/rnoticias.com.mx\/Portal\/2025\/08\/09\/monreal-pide-a-sergio-gutierrez-luna-dar-la-cara-y-aclarar-lujos-exhibidos\/","title":{"rendered":"Monreal pide a Sergio Guti\u00e9rrez Luna dar la cara y aclarar lujos exhibidos"},"content":{"rendered":"<p>Despu\u00e9s de que se dieran a conocer en redes sociales y notas period\u00edsticas supuestos art\u00edculos de lujo que ha adquirido Sergio Guti\u00e9rrez Luna, presidente de la Mesa Directiva de la C\u00e1mara de Diputados,\u00a0<strong>Ricardo Monreal \u00c1vila,<\/strong>\u00a0coordinador de Morena en San L\u00e1zaro, pidi\u00f3 al legislador que aclar\u00e9 esa situaci\u00f3n.<\/p>\n<p>Monreal \u00c1vila,<strong>\u00a0resalt\u00f3 que la presidenta Claudia Sheinbaum debe sentirse muy decepcionada<\/strong>, ya que le asiste la autoridad para hacer llamados a todos los que participan en el movimiento.<\/p>\n<p><strong>&#8216;Ella (la Presidenta) debe de sentirse decepcionada cuando ve este tipo de expresiones que ocurren y que estoy seguro que las llamadas de atenci\u00f3n o los posicionamientos que ella ha tomado tendr\u00e1n eco en nuestro movimiento. Estamos a tiempo&#8217;.<\/strong><\/p>\n<p>Y agreg\u00f3\u00a0<strong>&#8216;yo siempre he dicho que hay que dar la cara, siempre hemos dicho que no debemos negar ni ocultar los hechos, hay que darle la cara a la poblaci\u00f3n, aun cuando cometamos errores, pero hay que darle la cara a la poblaci\u00f3n<\/strong>\u00a0y yo estoy seguro que Sergio, porque lo conozco, es un hombre \u00edntegro, es un pol\u00edtico que lo ha perseguido la adversidad,\u00a0<strong>pero que estoy seguro de que ha actuado conforme a la ley y conforme al principio de la legalidad&#8217;.<\/strong><\/p>\n<p>&nbsp;<\/p>\n<p>Fuente: Proceso<\/p>\n","protected":false},"excerpt":{"rendered":"<p>Despu\u00e9s de que se dieran a conocer en redes sociales y notas period\u00edsticas supuestos art\u00edculos de lujo que ha adquirido Sergio Guti\u00e9rrez Luna, presidente de la Mesa Directiva de la C\u00e1mara de Diputados,\u00a0Ricardo Monreal \u00c1vila,\u00a0coordinador de Morena en San L\u00e1zaro, pidi\u00f3 al legislador que aclar\u00e9 esa situaci\u00f3n. Monreal \u00c1vila,\u00a0resalt\u00f3 que la presidenta Claudia Sheinbaum debe [&hellip;]<\/p>\n","protected":false},"author":2,"featured_media":226214,"comment_status":"closed","ping_status":"closed","sticky":false,"template":"","format":"standard","meta":{"footnotes":""},"categories":[12870,12868],"tags":[12865,12879],"class_list":["post-226213","post","type-post","status-publish","format-standard","has-post-thumbnail","hentry","category-destacadas","category-politica","tag-destacadas","tag-politica"],"jetpack_featured_media_url":"https:\/\/rnoticias.com.mx\/Portal\/wp-content\/uploads\/2025\/08\/5921944.jpg","amp_enabled":true,"_links":{"self":[{"href":"https:\/\/rnoticias.com.mx\/Portal\/wp-json\/wp\/v2\/posts\/226213","targetHints":{"allow":["GET"]}}],"collection":[{"href":"https:\/\/rnoticias.com.mx\/Portal\/wp-json\/wp\/v2\/posts"}],"about":[{"href":"https:\/\/rnoticias.com.mx\/Portal\/wp-json\/wp\/v2\/types\/post"}],"author":[{"embeddable":true,"href":"https:\/\/rnoticias.com.mx\/Portal\/wp-json\/wp\/v2\/users\/2"}],"replies":[{"embeddable":true,"href":"https:\/\/rnoticias.com.mx\/Portal\/wp-json\/wp\/v2\/comments?post=226213"}],"version-history":[{"count":1,"href":"https:\/\/rnoticias.com.mx\/Portal\/wp-json\/wp\/v2\/posts\/226213\/revisions"}],"predecessor-version":[{"id":226215,"href":"https:\/\/rnoticias.com.mx\/Portal\/wp-json\/wp\/v2\/posts\/226213\/revisions\/226215"}],"wp:featuredmedia":[{"embeddable":true,"href":"https:\/\/rnoticias.com.mx\/Portal\/wp-json\/wp\/v2\/media\/226214"}],"wp:attachment":[{"href":"https:\/\/rnoticias.com.mx\/Portal\/wp-json\/wp\/v2\/media?parent=226213"}],"wp:term":[{"taxonomy":"category","embeddable":true,"href":"https:\/\/rnoticias.com.mx\/Portal\/wp-json\/wp\/v2\/categories?post=226213"},{"taxonomy":"post_tag","embeddable":true,"href":"https:\/\/rnoticias.com.mx\/Portal\/wp-json\/wp\/v2\/tags?post=226213"}],"curies":[{"name":"wp","href":"https:\/\/api.w.org\/{rel}","templated":true}]}}