{"id":226207,"date":"2025-08-09T12:36:21","date_gmt":"2025-08-09T19:36:21","guid":{"rendered":"https:\/\/rnoticias.com.mx\/Portal\/?p=226207"},"modified":"2025-08-09T12:36:21","modified_gmt":"2025-08-09T19:36:21","slug":"fgjes-obtiene-vinculacion-a-proceso-contra-imputado-por-homicidio-calificado-en-ciudad-obregon","status":"publish","type":"post","link":"https:\/\/rnoticias.com.mx\/Portal\/2025\/08\/09\/fgjes-obtiene-vinculacion-a-proceso-contra-imputado-por-homicidio-calificado-en-ciudad-obregon\/","title":{"rendered":"FGJES obtiene vinculaci\u00f3n a proceso contra imputado por homicidio calificado en Ciudad Obreg\u00f3n"},"content":{"rendered":"<p>Cajeme, Sonora, 9 de agosto de 2025.- Durante audiencia de control de detenci\u00f3n celebrada ante el Juez Oral, la Fiscal\u00eda General de Justicia del Estado de Sonora (FGJES) obtuvo auto de vinculaci\u00f3n a proceso de David Ignacio \u201cN\u201d, de 21 a\u00f1os, se\u00f1alado como probable responsable del delito de homicidio calificado con premeditaci\u00f3n, alevos\u00eda y ventaja, cometido en perjuicio de Juan Manuel \u201cN\u201d, de 27 a\u00f1os.<\/p>\n<p>Los hechos ocurrieron entre las 13:00 y las 14:00 horas del 13 de junio de 2024, cuando el imputado David Ignacio \u201cN\u201d, en compa\u00f1\u00eda de un copart\u00edcipe, arrib\u00f3 al sitio ubicado en la v\u00eda p\u00fablica de las calles Puerto Vallarta entre las Privada 6 y Privada 7 de la colonia Luis Echeverr\u00eda, en Ciudad Obreg\u00f3n.<\/p>\n<p>En dicho lugar, el se\u00f1alado tom\u00f3 de improviso a la v\u00edctima Juan Manuel \u201cN\u201d y le realiz\u00f3 diversos disparos con un arma de fuego, caus\u00e1ndole lesiones que terminaron con su vida en el sitio.<\/p>\n<p>Tras las primeras investigaciones, se determin\u00f3 la identidad del se\u00f1alado como probable responsable, se obtuvo del Juez correspondiente la orden de aprehensi\u00f3n y \u00e9sta se ejecut\u00f3 por parte de elementos de la Agencia Ministerial de Investigaci\u00f3n Criminal (AMIC).<\/p>\n<p>El ministerio p\u00fablico encargado del caso present\u00f3 ante el Juez la carpeta de investigaci\u00f3n correspondiente y logr\u00f3 de esta forma obtener la vinculaci\u00f3n a proceso y la medida cautelar de prisi\u00f3n preventiva justificada, por lo que el se\u00f1alado est\u00e1 a la espera de la resoluci\u00f3n de su proceso penal en un Centro de Reinserci\u00f3n Social (Cereso).<\/p>\n<p>La FGJES refrenda su compromiso con la procuraci\u00f3n de justicia y la protecci\u00f3n integral de las v\u00edctimas y sus familias, garantizando la investigaci\u00f3n exhaustiva de los hechos y el debido proceso en cada caso.<\/p>\n","protected":false},"excerpt":{"rendered":"<p>Cajeme, Sonora, 9 de agosto de 2025.- Durante audiencia de control de detenci\u00f3n celebrada ante el Juez Oral, la Fiscal\u00eda General de Justicia del Estado de Sonora (FGJES) obtuvo auto de vinculaci\u00f3n a proceso de David Ignacio \u201cN\u201d, de 21 a\u00f1os, se\u00f1alado como probable responsable del delito de homicidio calificado con premeditaci\u00f3n, alevos\u00eda y ventaja, [&hellip;]<\/p>\n","protected":false},"author":2,"featured_media":226208,"comment_status":"closed","ping_status":"closed","sticky":false,"template":"","format":"standard","meta":{"footnotes":""},"categories":[12870,174],"tags":[12865,12873],"class_list":["post-226207","post","type-post","status-publish","format-standard","has-post-thumbnail","hentry","category-destacadas","category-estatal","tag-destacadas","tag-estatal"],"jetpack_featured_media_url":"https:\/\/rnoticias.com.mx\/Portal\/wp-content\/uploads\/2025\/08\/c2ffd3da-ff1d-40c2-a370-20fafe1c3dac.jpg","amp_enabled":true,"_links":{"self":[{"href":"https:\/\/rnoticias.com.mx\/Portal\/wp-json\/wp\/v2\/posts\/226207","targetHints":{"allow":["GET"]}}],"collection":[{"href":"https:\/\/rnoticias.com.mx\/Portal\/wp-json\/wp\/v2\/posts"}],"about":[{"href":"https:\/\/rnoticias.com.mx\/Portal\/wp-json\/wp\/v2\/types\/post"}],"author":[{"embeddable":true,"href":"https:\/\/rnoticias.com.mx\/Portal\/wp-json\/wp\/v2\/users\/2"}],"replies":[{"embeddable":true,"href":"https:\/\/rnoticias.com.mx\/Portal\/wp-json\/wp\/v2\/comments?post=226207"}],"version-history":[{"count":1,"href":"https:\/\/rnoticias.com.mx\/Portal\/wp-json\/wp\/v2\/posts\/226207\/revisions"}],"predecessor-version":[{"id":226209,"href":"https:\/\/rnoticias.com.mx\/Portal\/wp-json\/wp\/v2\/posts\/226207\/revisions\/226209"}],"wp:featuredmedia":[{"embeddable":true,"href":"https:\/\/rnoticias.com.mx\/Portal\/wp-json\/wp\/v2\/media\/226208"}],"wp:attachment":[{"href":"https:\/\/rnoticias.com.mx\/Portal\/wp-json\/wp\/v2\/media?parent=226207"}],"wp:term":[{"taxonomy":"category","embeddable":true,"href":"https:\/\/rnoticias.com.mx\/Portal\/wp-json\/wp\/v2\/categories?post=226207"},{"taxonomy":"post_tag","embeddable":true,"href":"https:\/\/rnoticias.com.mx\/Portal\/wp-json\/wp\/v2\/tags?post=226207"}],"curies":[{"name":"wp","href":"https:\/\/api.w.org\/{rel}","templated":true}]}}