{"id":226095,"date":"2025-08-07T22:17:42","date_gmt":"2025-08-08T05:17:42","guid":{"rendered":"https:\/\/rnoticias.com.mx\/Portal\/?p=226095"},"modified":"2025-08-07T22:17:42","modified_gmt":"2025-08-08T05:17:42","slug":"ine-aprueba-actualizacion-de-la-credencial-para-votar","status":"publish","type":"post","link":"https:\/\/rnoticias.com.mx\/Portal\/2025\/08\/07\/ine-aprueba-actualizacion-de-la-credencial-para-votar\/","title":{"rendered":"INE aprueba actualizaci\u00f3n de la credencial para votar"},"content":{"rendered":"<p>El Instituto Nacional Electoral (INE)\u00a0<strong>aprob\u00f3 el nuevo modelo de la credencial para votar, con el objetivo de hacerla m\u00e1s segura, moderna e infalsificable.<\/strong><\/p>\n<p>En la sesi\u00f3n del Consejo General, se aval\u00f3 una actualizaci\u00f3n que fortalece los elementos de seguridad y\u00a0<strong>mejora la inclusi\u00f3n para personas con debilidad visual.<\/strong><\/p>\n<p><strong>Estos son los nuevos elementos de seguridad de la credencial del INE:<\/strong><\/p>\n<ul>\n<li>Recuadros con microtexto<\/li>\n<li>Elemento \u00f3pticamente variable<\/li>\n<li>Tintas termocrom\u00e1ticas, termoreactivas o infrarrojas<\/li>\n<li>Dise\u00f1o de alta resoluci\u00f3n<\/li>\n<li>Elemento t\u00e1ctil para personas con debilidad visual<\/li>\n<li>Fotograf\u00eda digital en el reverso<\/li>\n<\/ul>\n<p><strong>Estos elementos buscan evitar falsificaciones y garantizar la autenticidad del documento oficial m\u00e1s utilizado en el pa\u00eds.<\/strong><\/p>\n<p>Seg\u00fan el consejero Arturo Castillo, a\u00fan est\u00e1n en an\u00e1lisis otros elementos que podr\u00edan a\u00f1adirse, como:<\/p>\n<ul>\n<li>Identificaci\u00f3n como donante de \u00f3rganos<\/li>\n<li>Datos en braille<\/li>\n<li>Autoadscripci\u00f3n de g\u00e9nero<\/li>\n<li>Pertenencia a un grupo ind\u00edgena<\/li>\n<\/ul>\n<p>&nbsp;<\/p>\n<p>Fuente: MVS<\/p>\n","protected":false},"excerpt":{"rendered":"<p>El Instituto Nacional Electoral (INE)\u00a0aprob\u00f3 el nuevo modelo de la credencial para votar, con el objetivo de hacerla m\u00e1s segura, moderna e infalsificable. En la sesi\u00f3n del Consejo General, se aval\u00f3 una actualizaci\u00f3n que fortalece los elementos de seguridad y\u00a0mejora la inclusi\u00f3n para personas con debilidad visual. Estos son los nuevos elementos de seguridad de [&hellip;]<\/p>\n","protected":false},"author":2,"featured_media":226096,"comment_status":"closed","ping_status":"closed","sticky":false,"template":"","format":"standard","meta":{"footnotes":""},"categories":[12870,172],"tags":[12865,12874],"class_list":["post-226095","post","type-post","status-publish","format-standard","has-post-thumbnail","hentry","category-destacadas","category-nacional","tag-destacadas","tag-nacional"],"jetpack_featured_media_url":"https:\/\/rnoticias.com.mx\/Portal\/wp-content\/uploads\/2025\/08\/credencial-ine-134440-1024x576-1.jpg","amp_enabled":true,"_links":{"self":[{"href":"https:\/\/rnoticias.com.mx\/Portal\/wp-json\/wp\/v2\/posts\/226095","targetHints":{"allow":["GET"]}}],"collection":[{"href":"https:\/\/rnoticias.com.mx\/Portal\/wp-json\/wp\/v2\/posts"}],"about":[{"href":"https:\/\/rnoticias.com.mx\/Portal\/wp-json\/wp\/v2\/types\/post"}],"author":[{"embeddable":true,"href":"https:\/\/rnoticias.com.mx\/Portal\/wp-json\/wp\/v2\/users\/2"}],"replies":[{"embeddable":true,"href":"https:\/\/rnoticias.com.mx\/Portal\/wp-json\/wp\/v2\/comments?post=226095"}],"version-history":[{"count":1,"href":"https:\/\/rnoticias.com.mx\/Portal\/wp-json\/wp\/v2\/posts\/226095\/revisions"}],"predecessor-version":[{"id":226097,"href":"https:\/\/rnoticias.com.mx\/Portal\/wp-json\/wp\/v2\/posts\/226095\/revisions\/226097"}],"wp:featuredmedia":[{"embeddable":true,"href":"https:\/\/rnoticias.com.mx\/Portal\/wp-json\/wp\/v2\/media\/226096"}],"wp:attachment":[{"href":"https:\/\/rnoticias.com.mx\/Portal\/wp-json\/wp\/v2\/media?parent=226095"}],"wp:term":[{"taxonomy":"category","embeddable":true,"href":"https:\/\/rnoticias.com.mx\/Portal\/wp-json\/wp\/v2\/categories?post=226095"},{"taxonomy":"post_tag","embeddable":true,"href":"https:\/\/rnoticias.com.mx\/Portal\/wp-json\/wp\/v2\/tags?post=226095"}],"curies":[{"name":"wp","href":"https:\/\/api.w.org\/{rel}","templated":true}]}}