{"id":226052,"date":"2025-08-07T16:41:54","date_gmt":"2025-08-07T23:41:54","guid":{"rendered":"https:\/\/rnoticias.com.mx\/Portal\/?p=226052"},"modified":"2025-08-07T16:41:54","modified_gmt":"2025-08-07T23:41:54","slug":"realiza-congreso-de-sonora-segundo-seminario-para-la-profesionalizacion-de-servidores-publicos","status":"publish","type":"post","link":"https:\/\/rnoticias.com.mx\/Portal\/2025\/08\/07\/realiza-congreso-de-sonora-segundo-seminario-para-la-profesionalizacion-de-servidores-publicos\/","title":{"rendered":"Realiza Congreso de Sonora segundo seminario para la profesionalizaci\u00f3n de servidores p\u00fablicos"},"content":{"rendered":"<p>Moctezuma, Sonora; 7 de agosto de 2025.- Como parte de las acciones para fortalecer una administraci\u00f3n municipal m\u00e1s eficaz, el Congreso del Estado de Sonora, a trav\u00e9s de la Comisi\u00f3n de Presupuestos y Asuntos Municipales, llev\u00f3 a cabo en Moctezuma el segundo seminario \u201cHacia la profesionalizaci\u00f3n del funcionario\u201d, dirigido a personas servidoras p\u00fablicas de los ayuntamientos de la entidad.<\/p>\n<p>Este encuentro reuni\u00f3 a autoridades municipales y a personal servidor p\u00fablico de los municipios de Aconchi, Arivechi, Ban\u00e1michi, Bavi\u00e1cora, Cumpas, Granados, Nacozari de Garc\u00eda, Tepache y San Felipe de Jes\u00fas.<\/p>\n<p>La diputada Rebeca Silva Gallardo (NAS), presidenta de la citada comisi\u00f3n, destac\u00f3 que este tipo de ejercicios resulta fundamental para fomentar una cultura de capacitaci\u00f3n continua entre quienes ejercen funciones p\u00fablicas en el \u00e1mbito municipal. Se\u00f1al\u00f3 que el objetivo del seminario es generar espacios de di\u00e1logo, actualizaci\u00f3n y aprendizaje colectivo que permitan a las autoridades locales contar con las herramientas necesarias para enfrentar los retos actuales de la gesti\u00f3n municipal.<\/p>\n<p>Durante el desarrollo del evento se presentaron ponencias especializadas en temas vinculados con la administraci\u00f3n p\u00fablica municipal, como el procedimiento de licencias y renuncias de integrantes del ayuntamiento, as\u00ed como lineamientos t\u00e9cnicos y consideraciones jur\u00eddicas para la elaboraci\u00f3n de las leyes de ingresos y presupuestos de ingresos correspondientes al ejercicio fiscal 2026.<\/p>\n<p>Asimismo, se ofrecieron orientaciones pr\u00e1cticas sobre el uso adecuado de t\u00e9cnicas legislativas, la prevenci\u00f3n de posibles inconstitucionalidades en los ordenamientos municipales, y el procedimiento normativo correcto para la remisi\u00f3n de iniciativas presupuestarias al Congreso del Estado, con el objetivo de garantizar su revisi\u00f3n y aprobaci\u00f3n oportuna en el marco del proceso legislativo.<\/p>\n<p>Las y los participantes reconocieron la importancia de este tipo de espacios, que, adem\u00e1s de propiciar la profesionalizaci\u00f3n, fortalecen los v\u00ednculos entre el Poder Legislativo y los gobiernos municipales.<\/p>\n<p>Presentes: las y los diputados Gabriela F\u00e9lix Boj\u00f3rquez (MC), Karina Olivares R\u00e1bago (PES), David Figueroa Ortega (PVEM) y Emeterio Ochoa Baz\u00faa (PRI); as\u00ed como Wendy Brice\u00f1o Zuloaga, directora del Banco Nacional de Obras y Servicios P\u00fablicos (Banobras) en el estado.<\/p>\n","protected":false},"excerpt":{"rendered":"<p>Moctezuma, Sonora; 7 de agosto de 2025.- Como parte de las acciones para fortalecer una administraci\u00f3n municipal m\u00e1s eficaz, el Congreso del Estado de Sonora, a trav\u00e9s de la Comisi\u00f3n de Presupuestos y Asuntos Municipales, llev\u00f3 a cabo en Moctezuma el segundo seminario \u201cHacia la profesionalizaci\u00f3n del funcionario\u201d, dirigido a personas servidoras p\u00fablicas de los [&hellip;]<\/p>\n","protected":false},"author":2,"featured_media":226053,"comment_status":"closed","ping_status":"closed","sticky":false,"template":"","format":"standard","meta":{"footnotes":""},"categories":[12870,12868],"tags":[12865,12879],"class_list":["post-226052","post","type-post","status-publish","format-standard","has-post-thumbnail","hentry","category-destacadas","category-politica","tag-destacadas","tag-politica"],"jetpack_featured_media_url":"https:\/\/rnoticias.com.mx\/Portal\/wp-content\/uploads\/2025\/08\/d7930dac-576c-40f2-ad22-7441601e7acd.jpg","amp_enabled":true,"_links":{"self":[{"href":"https:\/\/rnoticias.com.mx\/Portal\/wp-json\/wp\/v2\/posts\/226052","targetHints":{"allow":["GET"]}}],"collection":[{"href":"https:\/\/rnoticias.com.mx\/Portal\/wp-json\/wp\/v2\/posts"}],"about":[{"href":"https:\/\/rnoticias.com.mx\/Portal\/wp-json\/wp\/v2\/types\/post"}],"author":[{"embeddable":true,"href":"https:\/\/rnoticias.com.mx\/Portal\/wp-json\/wp\/v2\/users\/2"}],"replies":[{"embeddable":true,"href":"https:\/\/rnoticias.com.mx\/Portal\/wp-json\/wp\/v2\/comments?post=226052"}],"version-history":[{"count":1,"href":"https:\/\/rnoticias.com.mx\/Portal\/wp-json\/wp\/v2\/posts\/226052\/revisions"}],"predecessor-version":[{"id":226054,"href":"https:\/\/rnoticias.com.mx\/Portal\/wp-json\/wp\/v2\/posts\/226052\/revisions\/226054"}],"wp:featuredmedia":[{"embeddable":true,"href":"https:\/\/rnoticias.com.mx\/Portal\/wp-json\/wp\/v2\/media\/226053"}],"wp:attachment":[{"href":"https:\/\/rnoticias.com.mx\/Portal\/wp-json\/wp\/v2\/media?parent=226052"}],"wp:term":[{"taxonomy":"category","embeddable":true,"href":"https:\/\/rnoticias.com.mx\/Portal\/wp-json\/wp\/v2\/categories?post=226052"},{"taxonomy":"post_tag","embeddable":true,"href":"https:\/\/rnoticias.com.mx\/Portal\/wp-json\/wp\/v2\/tags?post=226052"}],"curies":[{"name":"wp","href":"https:\/\/api.w.org\/{rel}","templated":true}]}}