{"id":226049,"date":"2025-08-07T16:40:24","date_gmt":"2025-08-07T23:40:24","guid":{"rendered":"https:\/\/rnoticias.com.mx\/Portal\/?p=226049"},"modified":"2025-08-07T16:40:24","modified_gmt":"2025-08-07T23:40:24","slug":"fgjes-ejecuta-orden-de-aprehension-en-colaboracion-con-autoridades-estadounidenses-por-desaparicion-cometida-por-particulares","status":"publish","type":"post","link":"https:\/\/rnoticias.com.mx\/Portal\/2025\/08\/07\/fgjes-ejecuta-orden-de-aprehension-en-colaboracion-con-autoridades-estadounidenses-por-desaparicion-cometida-por-particulares\/","title":{"rendered":"FGJES ejecuta orden de aprehensi\u00f3n en colaboraci\u00f3n con autoridades estadounidenses por desaparici\u00f3n cometida por particulares"},"content":{"rendered":"<p>Nogales, Sonora, 7 de agosto de 2025.- La Fiscal\u00eda General de Justicia del Estado de Sonora (FGJES), por medio de la Agencia Ministerial de Investigaci\u00f3n Criminal (AMIC) y en coordinaci\u00f3n con autoridades de los Estados Unidos de Am\u00e9rica, logr\u00f3 la detenci\u00f3n de Ismael \u201cN\u201d, de 51 a\u00f1os, originario de Tlaquepaque, Jalisco, se\u00f1alado como probable responsable del delito de desaparici\u00f3n cometida por particulares, en perjuicio de Hugo C\u00e9sar \u201cN\u201d y Javier \u201cN\u201d.<\/p>\n<p>La acci\u00f3n se realiz\u00f3 en atenci\u00f3n a una solicitud de colaboraci\u00f3n emitida por la Fiscal\u00eda General del Estado de Jalisco (FGE-Jalisco); el imputado fue deportado y entregado por las autoridades de Aduanas y Protecci\u00f3n Fronteriza de los EUA (CBP) al Instituto Nacional de Migraci\u00f3n (INM) y a la Fiscal\u00eda General de la Rep\u00fablica (FGR).<\/p>\n<p>Posteriormente, personal de la AMIC asumi\u00f3 el traslado del imputado hacia Hermosillo para su entrega a efectivos de la Polic\u00eda de Investigaci\u00f3n (PDI) de Jalisco, quienes continuar\u00e1n con las investigaciones correspondientes.<\/p>\n<p>Este operativo refrenda el compromiso institucional de la FGJES con la procuraci\u00f3n de justicia, la protecci\u00f3n de los derechos humanos y la seguridad p\u00fablica, as\u00ed como con la colaboraci\u00f3n interinstitucional y binacional para garantizar que personas requeridas por la justicia sean presentadas ante las autoridades competentes.<\/p>\n","protected":false},"excerpt":{"rendered":"<p>Nogales, Sonora, 7 de agosto de 2025.- La Fiscal\u00eda General de Justicia del Estado de Sonora (FGJES), por medio de la Agencia Ministerial de Investigaci\u00f3n Criminal (AMIC) y en coordinaci\u00f3n con autoridades de los Estados Unidos de Am\u00e9rica, logr\u00f3 la detenci\u00f3n de Ismael \u201cN\u201d, de 51 a\u00f1os, originario de Tlaquepaque, Jalisco, se\u00f1alado como probable responsable [&hellip;]<\/p>\n","protected":false},"author":2,"featured_media":226050,"comment_status":"closed","ping_status":"closed","sticky":false,"template":"","format":"standard","meta":{"footnotes":""},"categories":[12870,174],"tags":[12865,12873],"class_list":["post-226049","post","type-post","status-publish","format-standard","has-post-thumbnail","hentry","category-destacadas","category-estatal","tag-destacadas","tag-estatal"],"jetpack_featured_media_url":"https:\/\/rnoticias.com.mx\/Portal\/wp-content\/uploads\/2025\/08\/95206bc3-c2dc-43c3-9799-df1b04f2b0c1.jpg","amp_enabled":true,"_links":{"self":[{"href":"https:\/\/rnoticias.com.mx\/Portal\/wp-json\/wp\/v2\/posts\/226049","targetHints":{"allow":["GET"]}}],"collection":[{"href":"https:\/\/rnoticias.com.mx\/Portal\/wp-json\/wp\/v2\/posts"}],"about":[{"href":"https:\/\/rnoticias.com.mx\/Portal\/wp-json\/wp\/v2\/types\/post"}],"author":[{"embeddable":true,"href":"https:\/\/rnoticias.com.mx\/Portal\/wp-json\/wp\/v2\/users\/2"}],"replies":[{"embeddable":true,"href":"https:\/\/rnoticias.com.mx\/Portal\/wp-json\/wp\/v2\/comments?post=226049"}],"version-history":[{"count":1,"href":"https:\/\/rnoticias.com.mx\/Portal\/wp-json\/wp\/v2\/posts\/226049\/revisions"}],"predecessor-version":[{"id":226051,"href":"https:\/\/rnoticias.com.mx\/Portal\/wp-json\/wp\/v2\/posts\/226049\/revisions\/226051"}],"wp:featuredmedia":[{"embeddable":true,"href":"https:\/\/rnoticias.com.mx\/Portal\/wp-json\/wp\/v2\/media\/226050"}],"wp:attachment":[{"href":"https:\/\/rnoticias.com.mx\/Portal\/wp-json\/wp\/v2\/media?parent=226049"}],"wp:term":[{"taxonomy":"category","embeddable":true,"href":"https:\/\/rnoticias.com.mx\/Portal\/wp-json\/wp\/v2\/categories?post=226049"},{"taxonomy":"post_tag","embeddable":true,"href":"https:\/\/rnoticias.com.mx\/Portal\/wp-json\/wp\/v2\/tags?post=226049"}],"curies":[{"name":"wp","href":"https:\/\/api.w.org\/{rel}","templated":true}]}}