{"id":226046,"date":"2025-08-07T16:26:54","date_gmt":"2025-08-07T23:26:54","guid":{"rendered":"https:\/\/rnoticias.com.mx\/Portal\/?p=226046"},"modified":"2025-08-07T16:26:54","modified_gmt":"2025-08-07T23:26:54","slug":"vinculado-a-proceso-y-en-prision-preventiva-justificada-imputado-por-homicidio-calificado-y-privacion-ilegal-de-la-libertad-en-ciudad-obregon","status":"publish","type":"post","link":"https:\/\/rnoticias.com.mx\/Portal\/2025\/08\/07\/vinculado-a-proceso-y-en-prision-preventiva-justificada-imputado-por-homicidio-calificado-y-privacion-ilegal-de-la-libertad-en-ciudad-obregon\/","title":{"rendered":"Vinculado a proceso y en prisi\u00f3n preventiva justificada imputado por homicidio calificado y privaci\u00f3n ilegal de la libertad en Ciudad Obreg\u00f3n"},"content":{"rendered":"<p>Cajeme, Sonora, 7 de agosto de 2025.- La Fiscal\u00eda General de Justicia del Estado de Sonora (FGJES) obtuvo la vinculaci\u00f3n a proceso de Genaro Alan \u201cN\u201d, de 35 a\u00f1os, se\u00f1alado como probable responsable de los delitos de homicidio calificado con premeditaci\u00f3n, alevos\u00eda y ventaja, as\u00ed como privaci\u00f3n ilegal de la libertad, cometidos en perjuicio de Claudia \u201cN\u201d, de 39 a\u00f1os.<\/p>\n<p>Durante la audiencia inicial celebrada este d\u00eda ante el Juez de Control, se formul\u00f3 imputaci\u00f3n en contra del activo por los delitos mencionados y se determin\u00f3 vincularlo a proceso bajo la medida cautelar de prisi\u00f3n preventiva justificada.<\/p>\n<p>Los hechos que se le imputan ocurrieron el d\u00eda 01 de octubre de 2023, aproximadamente a las 23:35 horas, cuando el imputado, en compa\u00f1\u00eda de un copart\u00edcipe, acudi\u00f3 al domicilio ubicado en la colonia Cortinas, en Ciudad Obreg\u00f3n.<\/p>\n<p>En dicho lugar, empleando violencia f\u00edsica y moral, sustrajeron a la v\u00edctima Claudia Fabiana \u201cN\u201d, subi\u00e9ndola en contra de su voluntad a un veh\u00edculo de color blanco, tipo sed\u00e1n, de modelo reciente.<\/p>\n<p>Posteriormente, trasladaron a la v\u00edctima a un domicilio ubicado en la colonia Sochiloa, donde, utilizando un arma de fuego, el imputado realiz\u00f3 diversos disparos en contra de la humanidad de la v\u00edctima, ocasion\u00e1ndole la muerte.<\/p>\n<p>Tras acreditar con medios de prueba la probable responsabilidad del se\u00f1alado, es que el Ministerio P\u00fablico obtuvo la vinculaci\u00f3n a proceso y ahora trabaja para fortalecer la carpeta de investigaci\u00f3n con miras a una probable sentencia condenatoria cuando avance el proceso penal.<\/p>\n<p>Este caso refrenda el compromiso institucional de la FGJES con la procuraci\u00f3n de justicia, la protecci\u00f3n de la vida e integridad de las personas, as\u00ed como con el combate frontal a conductas violentas que atentan contra la seguridad p\u00fablica.<\/p>\n","protected":false},"excerpt":{"rendered":"<p>Cajeme, Sonora, 7 de agosto de 2025.- La Fiscal\u00eda General de Justicia del Estado de Sonora (FGJES) obtuvo la vinculaci\u00f3n a proceso de Genaro Alan \u201cN\u201d, de 35 a\u00f1os, se\u00f1alado como probable responsable de los delitos de homicidio calificado con premeditaci\u00f3n, alevos\u00eda y ventaja, as\u00ed como privaci\u00f3n ilegal de la libertad, cometidos en perjuicio de [&hellip;]<\/p>\n","protected":false},"author":2,"featured_media":226047,"comment_status":"closed","ping_status":"closed","sticky":false,"template":"","format":"standard","meta":{"footnotes":""},"categories":[12870,174],"tags":[12865,12873],"class_list":["post-226046","post","type-post","status-publish","format-standard","has-post-thumbnail","hentry","category-destacadas","category-estatal","tag-destacadas","tag-estatal"],"jetpack_featured_media_url":"https:\/\/rnoticias.com.mx\/Portal\/wp-content\/uploads\/2025\/08\/a5fe655c-6e82-4d9e-849f-56f20c2e83ea.jpg","amp_enabled":true,"_links":{"self":[{"href":"https:\/\/rnoticias.com.mx\/Portal\/wp-json\/wp\/v2\/posts\/226046","targetHints":{"allow":["GET"]}}],"collection":[{"href":"https:\/\/rnoticias.com.mx\/Portal\/wp-json\/wp\/v2\/posts"}],"about":[{"href":"https:\/\/rnoticias.com.mx\/Portal\/wp-json\/wp\/v2\/types\/post"}],"author":[{"embeddable":true,"href":"https:\/\/rnoticias.com.mx\/Portal\/wp-json\/wp\/v2\/users\/2"}],"replies":[{"embeddable":true,"href":"https:\/\/rnoticias.com.mx\/Portal\/wp-json\/wp\/v2\/comments?post=226046"}],"version-history":[{"count":1,"href":"https:\/\/rnoticias.com.mx\/Portal\/wp-json\/wp\/v2\/posts\/226046\/revisions"}],"predecessor-version":[{"id":226048,"href":"https:\/\/rnoticias.com.mx\/Portal\/wp-json\/wp\/v2\/posts\/226046\/revisions\/226048"}],"wp:featuredmedia":[{"embeddable":true,"href":"https:\/\/rnoticias.com.mx\/Portal\/wp-json\/wp\/v2\/media\/226047"}],"wp:attachment":[{"href":"https:\/\/rnoticias.com.mx\/Portal\/wp-json\/wp\/v2\/media?parent=226046"}],"wp:term":[{"taxonomy":"category","embeddable":true,"href":"https:\/\/rnoticias.com.mx\/Portal\/wp-json\/wp\/v2\/categories?post=226046"},{"taxonomy":"post_tag","embeddable":true,"href":"https:\/\/rnoticias.com.mx\/Portal\/wp-json\/wp\/v2\/tags?post=226046"}],"curies":[{"name":"wp","href":"https:\/\/api.w.org\/{rel}","templated":true}]}}