{"id":226043,"date":"2025-08-07T16:26:05","date_gmt":"2025-08-07T23:26:05","guid":{"rendered":"https:\/\/rnoticias.com.mx\/Portal\/?p=226043"},"modified":"2025-08-07T16:26:05","modified_gmt":"2025-08-07T23:26:05","slug":"crezcamos-juntos-solicita-donacion-de-utiles","status":"publish","type":"post","link":"https:\/\/rnoticias.com.mx\/Portal\/2025\/08\/07\/crezcamos-juntos-solicita-donacion-de-utiles\/","title":{"rendered":"Crezcamos Juntos solicita donaci\u00f3n de \u00fatiles"},"content":{"rendered":"<p>Hermosillo, Sonora. La asociaci\u00f3n Crezcamos Juntos A.C. invita a la ciudadan\u00eda a sumarse a su campa\u00f1a anual de recolecci\u00f3n de \u00fatiles escolares, con la que busca beneficiar este 2025 a ni\u00f1os y ni\u00f1as de comunidades vulnerables como la invasi\u00f3n 4 de Marzo.<\/p>\n<p>&nbsp;<\/p>\n<p>Karimee Serrato Santiba\u00f1ez, representante del comedor comunitario, dio a conocer que desde el a\u00f1o 2021 la organizaci\u00f3n ha entregado materiales a menores de colonias como Altares, Nuevo Hermosillo, Paseos del Pedregal, Las Cuevitas, Miguel Alem\u00e1n y la comunidad triqui.<\/p>\n<p>&nbsp;<\/p>\n<p>\u201cLa entrega de este a\u00f1o est\u00e1 programada para el 25 de agosto y para ello requerimos mochilas, cuadernos, l\u00e1pices, colores, ropa y calzado en buen estado. Los donativos nos los pueden llevar a la direcci\u00f3n: avenida de los Constructores #88 o llamar al 662-356-8820\u201d, inform\u00f3.<\/p>\n<p>&nbsp;<\/p>\n<p>Tambi\u00e9n reconoci\u00f3, estar\u00e1n aceptando alimentos y art\u00edculos de higiene para el comedor infantil.<\/p>\n<p>&nbsp;<\/p>\n<p>&nbsp;<\/p>\n<p>Cifra:<\/p>\n<p>Este a\u00f1o la asociaci\u00f3n esperar superar la entrega de 120 kits escolares y romper del 2013.<\/p>\n<p>&nbsp;<\/p>\n","protected":false},"excerpt":{"rendered":"<p>Hermosillo, Sonora. La asociaci\u00f3n Crezcamos Juntos A.C. invita a la ciudadan\u00eda a sumarse a su campa\u00f1a anual de recolecci\u00f3n de \u00fatiles escolares, con la que busca beneficiar este 2025 a ni\u00f1os y ni\u00f1as de comunidades vulnerables como la invasi\u00f3n 4 de Marzo. &nbsp; Karimee Serrato Santiba\u00f1ez, representante del comedor comunitario, dio a conocer que desde [&hellip;]<\/p>\n","protected":false},"author":2,"featured_media":226044,"comment_status":"closed","ping_status":"closed","sticky":false,"template":"","format":"standard","meta":{"footnotes":""},"categories":[12870,178],"tags":[12865,12869],"class_list":["post-226043","post","type-post","status-publish","format-standard","has-post-thumbnail","hentry","category-destacadas","category-local","tag-destacadas","tag-local"],"jetpack_featured_media_url":"https:\/\/rnoticias.com.mx\/Portal\/wp-content\/uploads\/2025\/08\/476355862_630634579463680_4581606969966202136_n.jpg","amp_enabled":true,"_links":{"self":[{"href":"https:\/\/rnoticias.com.mx\/Portal\/wp-json\/wp\/v2\/posts\/226043","targetHints":{"allow":["GET"]}}],"collection":[{"href":"https:\/\/rnoticias.com.mx\/Portal\/wp-json\/wp\/v2\/posts"}],"about":[{"href":"https:\/\/rnoticias.com.mx\/Portal\/wp-json\/wp\/v2\/types\/post"}],"author":[{"embeddable":true,"href":"https:\/\/rnoticias.com.mx\/Portal\/wp-json\/wp\/v2\/users\/2"}],"replies":[{"embeddable":true,"href":"https:\/\/rnoticias.com.mx\/Portal\/wp-json\/wp\/v2\/comments?post=226043"}],"version-history":[{"count":1,"href":"https:\/\/rnoticias.com.mx\/Portal\/wp-json\/wp\/v2\/posts\/226043\/revisions"}],"predecessor-version":[{"id":226045,"href":"https:\/\/rnoticias.com.mx\/Portal\/wp-json\/wp\/v2\/posts\/226043\/revisions\/226045"}],"wp:featuredmedia":[{"embeddable":true,"href":"https:\/\/rnoticias.com.mx\/Portal\/wp-json\/wp\/v2\/media\/226044"}],"wp:attachment":[{"href":"https:\/\/rnoticias.com.mx\/Portal\/wp-json\/wp\/v2\/media?parent=226043"}],"wp:term":[{"taxonomy":"category","embeddable":true,"href":"https:\/\/rnoticias.com.mx\/Portal\/wp-json\/wp\/v2\/categories?post=226043"},{"taxonomy":"post_tag","embeddable":true,"href":"https:\/\/rnoticias.com.mx\/Portal\/wp-json\/wp\/v2\/tags?post=226043"}],"curies":[{"name":"wp","href":"https:\/\/api.w.org\/{rel}","templated":true}]}}