{"id":226037,"date":"2025-08-07T16:20:14","date_gmt":"2025-08-07T23:20:14","guid":{"rendered":"https:\/\/rnoticias.com.mx\/Portal\/?p=226037"},"modified":"2025-08-07T16:20:14","modified_gmt":"2025-08-07T23:20:14","slug":"panorama-complicado-para-el-proximo-ciclo-agricola-en-el-valle-del-yaqui","status":"publish","type":"post","link":"https:\/\/rnoticias.com.mx\/Portal\/2025\/08\/07\/panorama-complicado-para-el-proximo-ciclo-agricola-en-el-valle-del-yaqui\/","title":{"rendered":"Panorama complicado para el pr\u00f3ximo ciclo agr\u00edcola en el Valle del Yaqui"},"content":{"rendered":"<div>A dos meses del inicio del nuevo ciclo agr\u00edcola en el Valle del Yaqui, el panorama se presenta complicado debido al bajo nivel de captaci\u00f3n de agua en el sistema de presas, inform\u00f3 Mario Pablos Dom\u00ednguez.<\/div>\n<div aria-hidden=\"true\"><\/div>\n<div aria-hidden=\"true\"><\/div>\n<div>El presidente del Distrito de Riego del R\u00edo Yaqui, manifest\u00f3 que el ciclo agr\u00edcola que abarcar\u00e1 de los meses de octubre a septiembre luce igual de complicado que en el 2024 y esto debido que hasta el momento no se ha superado en ning\u00fan mes la media anual de aportaci\u00f3n, acumulando apenas 452.5 millones de metros c\u00fabicos.<\/div>\n<div aria-hidden=\"true\"><\/div>\n<div><\/div>\n<div>\u201cSi medimos al mes de julio lo que deber\u00eda de estar captado en la media serian mil 752.8 millones deber\u00eda de haber en presas a la fecha y pues ahorita solo tenemos un volumen de 452 millones, no llega ni al tercio de lo que debe de haber\u201d, afirm\u00f3.<\/div>\n<div aria-hidden=\"true\"><\/div>\n<div aria-hidden=\"true\"><\/div>\n<div>Abund\u00f3, que esta situaci\u00f3n compromete el establecimiento de cultivos como el trigo y el ma\u00edz, los cuales en el presente ciclo se sembraron en menor medida y con agua de pozo, mientras que otros como hortalizas y c\u00e1rtamo han visto afectada su calidad debido a la alta salinidad de los pozos.<\/div>\n<div aria-hidden=\"true\"><\/div>\n<div aria-hidden=\"true\"><\/div>\n<div>Por \u00faltimo, Pablos Dom\u00ednguez, dijo que no hay expectativas positivas, ya que lo que se lleva de lluvia es muy poco y se requiere un mayor volumen para pensar en riego en el caso del Valle del Yaqui.<\/div>\n","protected":false},"excerpt":{"rendered":"<p>A dos meses del inicio del nuevo ciclo agr\u00edcola en el Valle del Yaqui, el panorama se presenta complicado debido al bajo nivel de captaci\u00f3n de agua en el sistema de presas, inform\u00f3 Mario Pablos Dom\u00ednguez. El presidente del Distrito de Riego del R\u00edo Yaqui, manifest\u00f3 que el ciclo agr\u00edcola que abarcar\u00e1 de los meses [&hellip;]<\/p>\n","protected":false},"author":2,"featured_media":226038,"comment_status":"closed","ping_status":"closed","sticky":false,"template":"","format":"standard","meta":{"footnotes":""},"categories":[12870,174],"tags":[12865,12873],"class_list":["post-226037","post","type-post","status-publish","format-standard","has-post-thumbnail","hentry","category-destacadas","category-estatal","tag-destacadas","tag-estatal"],"jetpack_featured_media_url":"https:\/\/rnoticias.com.mx\/Portal\/wp-content\/uploads\/2025\/08\/foto-1-siembra-valle-del-yaqui-9472a75e-focus-0-0-1300-865.webp","amp_enabled":true,"_links":{"self":[{"href":"https:\/\/rnoticias.com.mx\/Portal\/wp-json\/wp\/v2\/posts\/226037","targetHints":{"allow":["GET"]}}],"collection":[{"href":"https:\/\/rnoticias.com.mx\/Portal\/wp-json\/wp\/v2\/posts"}],"about":[{"href":"https:\/\/rnoticias.com.mx\/Portal\/wp-json\/wp\/v2\/types\/post"}],"author":[{"embeddable":true,"href":"https:\/\/rnoticias.com.mx\/Portal\/wp-json\/wp\/v2\/users\/2"}],"replies":[{"embeddable":true,"href":"https:\/\/rnoticias.com.mx\/Portal\/wp-json\/wp\/v2\/comments?post=226037"}],"version-history":[{"count":1,"href":"https:\/\/rnoticias.com.mx\/Portal\/wp-json\/wp\/v2\/posts\/226037\/revisions"}],"predecessor-version":[{"id":226039,"href":"https:\/\/rnoticias.com.mx\/Portal\/wp-json\/wp\/v2\/posts\/226037\/revisions\/226039"}],"wp:featuredmedia":[{"embeddable":true,"href":"https:\/\/rnoticias.com.mx\/Portal\/wp-json\/wp\/v2\/media\/226038"}],"wp:attachment":[{"href":"https:\/\/rnoticias.com.mx\/Portal\/wp-json\/wp\/v2\/media?parent=226037"}],"wp:term":[{"taxonomy":"category","embeddable":true,"href":"https:\/\/rnoticias.com.mx\/Portal\/wp-json\/wp\/v2\/categories?post=226037"},{"taxonomy":"post_tag","embeddable":true,"href":"https:\/\/rnoticias.com.mx\/Portal\/wp-json\/wp\/v2\/tags?post=226037"}],"curies":[{"name":"wp","href":"https:\/\/api.w.org\/{rel}","templated":true}]}}