{"id":226034,"date":"2025-08-07T16:16:46","date_gmt":"2025-08-07T23:16:46","guid":{"rendered":"https:\/\/rnoticias.com.mx\/Portal\/?p=226034"},"modified":"2025-08-07T16:16:46","modified_gmt":"2025-08-07T23:16:46","slug":"realizan-coloquio-sonidos-de-resistencia-en-homenaje-al-rock-indigena-asi-como-a-la-memoria-cultural","status":"publish","type":"post","link":"https:\/\/rnoticias.com.mx\/Portal\/2025\/08\/07\/realizan-coloquio-sonidos-de-resistencia-en-homenaje-al-rock-indigena-asi-como-a-la-memoria-cultural\/","title":{"rendered":"Realizan Coloquio: Sonidos de Resistencia en homenaje al rock ind\u00edgena, as\u00ed como a la memoria cultural"},"content":{"rendered":"<div class=\"aVla3\">\n<div class=\"BS0OK\" aria-expanded=\"true\">\n<div class=\"fui-FluentProvider fui-FluentProviderrcq ___5n94it0 f19n0e5 f3rmtva fgusgyc fk6fouc fkhj508 figsok6 fytdu2e\" dir=\"ltr\">\n<div class=\"wide-content-host\">\n<div id=\"focused\" class=\"SlLx9 WWy1F byzS1 WWy1F\" tabindex=\"-1\" aria-label=\"Mensaje de correo electr\u00f3nico\">\n<div class=\"wnVEW\">\n<div role=\"document\">\n<div class=\"T31hC GNqVo allowTextSelection OuGoX\" tabindex=\"0\" aria-label=\"Cuerpo del mensaje\">\n<div class=\"BIZfh\">\n<div dir=\"ltr\">\n<div dir=\"ltr\">\n<div data-olk-copy-source=\"MessageBody\">Este 7 y 8 de agosto v\u00eda digital, se va a continuar con el Coloquio: Sonidos de Resistencia, entre participantes de los estados de Sonora, Chiapas, Ciudad de M\u00e9xico y Oaxaca.<\/div>\n<div data-olk-copy-source=\"MessageBody\"><\/div>\n<div aria-hidden=\"true\"><\/div>\n<div>Carlos Rom\u00e1n Garc\u00eda, director del Archivo General del Estado de Chiapas, destac\u00f3 que el coloquio de este mes de agosto se enfocar\u00e1 en el tema \u201cMemoria de 30 a\u00f1os: acervos documentales en temas relacionados con el rock ind\u00edgena y su memoria cultural.<\/div>\n<div aria-hidden=\"true\"><\/div>\n<div><\/div>\n<div>\u201cEs obvio que estos acervos, en el caso de los registros relacionados con el rock, pues tienen que ver esencialmente con las grabaciones que en ese momento hizo el Sistema Chiapaneco de Radio, Televisi\u00f3n y Cinematograf\u00eda. En mi calidad de director del Archivo General del Estado, pues junto con otras instituciones,\u00a0estamos haciendo un esfuerzo importante por recuperar la memoria colectiva expresada de manera importante en esta m\u00fasica que al final viene a renovar las posibilidades arm\u00f3nicas y mel\u00f3dicas de los pueblos ind\u00edgenas\u201d, manifest\u00f3.<\/div>\n<\/div>\n<div aria-hidden=\"true\"><\/div>\n<div dir=\"ltr\">\n<div>Record\u00f3, que tambi\u00e9n se busca reconocer los 30 a\u00f1os del surgimiento del rock ind\u00edgena en la regi\u00f3n, a trav\u00e9s de bandas como Sak Tzevul, originaria de Zinacant\u00e1n en Chiapas, asi como Hamac Caziim en Sonora.<\/div>\n<div aria-hidden=\"true\"><\/div>\n<div><\/div>\n<div>Agreg\u00f3, que en ese evento que busca visibilizar la transformaci\u00f3n cultural de los pueblos originarios, al adoptar el rock como una forma de expresi\u00f3n en sus propias lenguas, van a participar algunos sonorenses como: Joel Montoya encargado del laboratorio de imagen y memoria de la Unison y Juan Carlos Holguin, director general del bolet\u00edn oficial y archivo hist\u00f3rico del Sonora.<\/div>\n<\/div>\n<\/div>\n<\/div>\n<\/div>\n<\/div>\n<\/div>\n<\/div>\n<\/div>\n<\/div>\n<\/div>\n<\/div>\n<div class=\"aVla3\">\n<div class=\"BS0OK\" aria-expanded=\"false\">\n<div class=\"GjFKx jmmB7 WWy1F YoK0k\" tabindex=\"-1\">\n<div class=\"MXho_ Ts94W allowTextSelection\">\n<div class=\"c7KoH\"><\/div>\n<div class=\"o4zjZ ujrct\"><\/div>\n<\/div>\n<\/div>\n<\/div>\n<\/div>\n","protected":false},"excerpt":{"rendered":"<p>Este 7 y 8 de agosto v\u00eda digital, se va a continuar con el Coloquio: Sonidos de Resistencia, entre participantes de los estados de Sonora, Chiapas, Ciudad de M\u00e9xico y Oaxaca. Carlos Rom\u00e1n Garc\u00eda, director del Archivo General del Estado de Chiapas, destac\u00f3 que el coloquio de este mes de agosto se enfocar\u00e1 en el [&hellip;]<\/p>\n","protected":false},"author":2,"featured_media":226035,"comment_status":"closed","ping_status":"closed","sticky":false,"template":"","format":"standard","meta":{"footnotes":""},"categories":[12870,178],"tags":[12865,12869],"class_list":["post-226034","post","type-post","status-publish","format-standard","has-post-thumbnail","hentry","category-destacadas","category-local","tag-destacadas","tag-local"],"jetpack_featured_media_url":"https:\/\/rnoticias.com.mx\/Portal\/wp-content\/uploads\/2025\/08\/47845961-eff1-4799-9c05-0108ccdd16a0.jpg","amp_enabled":true,"_links":{"self":[{"href":"https:\/\/rnoticias.com.mx\/Portal\/wp-json\/wp\/v2\/posts\/226034","targetHints":{"allow":["GET"]}}],"collection":[{"href":"https:\/\/rnoticias.com.mx\/Portal\/wp-json\/wp\/v2\/posts"}],"about":[{"href":"https:\/\/rnoticias.com.mx\/Portal\/wp-json\/wp\/v2\/types\/post"}],"author":[{"embeddable":true,"href":"https:\/\/rnoticias.com.mx\/Portal\/wp-json\/wp\/v2\/users\/2"}],"replies":[{"embeddable":true,"href":"https:\/\/rnoticias.com.mx\/Portal\/wp-json\/wp\/v2\/comments?post=226034"}],"version-history":[{"count":1,"href":"https:\/\/rnoticias.com.mx\/Portal\/wp-json\/wp\/v2\/posts\/226034\/revisions"}],"predecessor-version":[{"id":226036,"href":"https:\/\/rnoticias.com.mx\/Portal\/wp-json\/wp\/v2\/posts\/226034\/revisions\/226036"}],"wp:featuredmedia":[{"embeddable":true,"href":"https:\/\/rnoticias.com.mx\/Portal\/wp-json\/wp\/v2\/media\/226035"}],"wp:attachment":[{"href":"https:\/\/rnoticias.com.mx\/Portal\/wp-json\/wp\/v2\/media?parent=226034"}],"wp:term":[{"taxonomy":"category","embeddable":true,"href":"https:\/\/rnoticias.com.mx\/Portal\/wp-json\/wp\/v2\/categories?post=226034"},{"taxonomy":"post_tag","embeddable":true,"href":"https:\/\/rnoticias.com.mx\/Portal\/wp-json\/wp\/v2\/tags?post=226034"}],"curies":[{"name":"wp","href":"https:\/\/api.w.org\/{rel}","templated":true}]}}