{"id":225995,"date":"2025-08-07T10:07:21","date_gmt":"2025-08-07T17:07:21","guid":{"rendered":"https:\/\/rnoticias.com.mx\/Portal\/?p=225995"},"modified":"2025-08-07T10:07:21","modified_gmt":"2025-08-07T17:07:21","slug":"incendio-en-hospital-del-imss-en-ciudad-juarez-provoca-desalojo-de-pacientes","status":"publish","type":"post","link":"https:\/\/rnoticias.com.mx\/Portal\/2025\/08\/07\/incendio-en-hospital-del-imss-en-ciudad-juarez-provoca-desalojo-de-pacientes\/","title":{"rendered":"Incendio en hospital del IMSS en Ciudad Ju\u00e1rez provoca desalojo de pacientes"},"content":{"rendered":"<p>Un\u00a0<strong>incendio<\/strong>\u00a0en el<strong>\u00a0Hospital 6\u00a0<\/strong>del<strong>\u00a0Instituto Mexicano del Seguro Social (IMSS)\u00a0<\/strong>de\u00a0<strong>Ciudad Ju\u00e1rez,\u00a0<\/strong><a href=\"https:\/\/www.unotv.com\/salud\/confirman-12-muertes-por-sarampion-en-mexico-segun-secretaria-de-salud\/\"><strong>Chihuahua<\/strong><\/a><strong>,\u00a0<\/strong>provoc\u00f3 la\u00a0<strong>evacuaci\u00f3n de pacientes, familiares y personal m\u00e9dico de turno<\/strong>, la noche del mi\u00e9rcoles. Al lugar arribaron los\u00a0<strong>cuerpos de emergencias de la ciudad<\/strong>, entre ellos, dos m\u00e1quinas extintoras del departamento de Bomberos.<\/p>\n<h2 id=\"h-se-registro-incendio-en-el-hospital-6-del-imss-en-ciudad-juarez\" class=\"wp-block-heading\"><strong>Se registr\u00f3 incendio en el Hospital 6 del IMSS en Ciudad Ju\u00e1rez<\/strong><\/h2>\n<p>El siniestro\u00a0<strong>se origin\u00f3 en el cuarto de m\u00e1quinas y calderas,<\/strong>\u00a0espec\u00edficamente en un sistema de refrigeraci\u00f3n, el cual fue controlado r\u00e1pidamente, sin embargo,<strong>\u00a0el humo que gener\u00f3 se dispers\u00f3<\/strong>\u00a0por varias zonas del hospital a trav\u00e9s del sistema de ductos afectando, principalmente, las \u00e1reas de cirug\u00eda, cuneros y urgencias.<\/p>\n<blockquote class=\"wp-block-quote is-layout-flow wp-block-quote-is-layout-flow\"><p>\u201cNos dimos a la tarea de revisar todo el hospital.\u00a0<strong>\u00danicamente el \u00e1rea de urgencias es el \u00e1rea m\u00e1s afectada con humo<\/strong>, el cuarto de subestaci\u00f3n el\u00e9ctrica y de enfriamiento de aire es el \u00e1rea que se vio afectada por el incendio\u201d, inform\u00f3 Jorge Ignacio Puentes, comandante de Bomberos de Ciudad Ju\u00e1rez.<\/p><\/blockquote>\n<p>Por protocolo,\u00a0<strong>todos los pacientes, al igual que personal m\u00e9dico, fueron evacuados.<\/strong>\u00a0La zona de atenci\u00f3n se estableci\u00f3 en un estacionamiento contiguo al hospital donde se concentraron todos los pacientes.<\/p>\n<p>Al luga<strong>r acudieron pr\u00e1cticamente todas las ambulancias de\u00a0<a href=\"https:\/\/www.unotv.com\/estados\/chihuahua\/caen-empleos-en-ciudad-juarez-chihuahua-por-aranceles-de-donald-trump\/\">Ciudad Ju\u00e1rez<\/a>\u00a0<\/strong>para apoyar con el traslado de pacientes a otros hospitales del IMSS, principalmente al n\u00famero 2.<\/p>\n<blockquote class=\"wp-block-quote is-layout-flow wp-block-quote-is-layout-flow\"><p><strong>\u201cAlrededor de unos treinta pacientes fueron trasladados a diferentes hospitales.\u00a0<\/strong>Tenemos un conteo aproximadamente de\u00a0<strong>ciento sesenta, ciento setenta personas evacuadas<\/strong>, entre trabajadores y pacientes que aqu\u00ed se estuvieron en el \u00e1rea de abajo\u201d, a\u00f1adi\u00f3 Jorge Ignacio Puentes.<\/p><\/blockquote>\n<p><strong>El resto de los pacientes reingresaron al hospital tras una revisi\u00f3n<\/strong>\u00a0por parte de Protecci\u00f3n Civil y directivos del nosocomio en la que determinaron que hab\u00eda condiciones \u00f3ptimas para los pacientes.<\/p>\n<p>&nbsp;<\/p>\n<p>UnoTv<\/p>\n","protected":false},"excerpt":{"rendered":"<p>Un\u00a0incendio\u00a0en el\u00a0Hospital 6\u00a0del\u00a0Instituto Mexicano del Seguro Social (IMSS)\u00a0de\u00a0Ciudad Ju\u00e1rez,\u00a0Chihuahua,\u00a0provoc\u00f3 la\u00a0evacuaci\u00f3n de pacientes, familiares y personal m\u00e9dico de turno, la noche del mi\u00e9rcoles. Al lugar arribaron los\u00a0cuerpos de emergencias de la ciudad, entre ellos, dos m\u00e1quinas extintoras del departamento de Bomberos. Se registr\u00f3 incendio en el Hospital 6 del IMSS en Ciudad Ju\u00e1rez El siniestro\u00a0se origin\u00f3 [&hellip;]<\/p>\n","protected":false},"author":2,"featured_media":225996,"comment_status":"closed","ping_status":"closed","sticky":false,"template":"","format":"standard","meta":{"footnotes":""},"categories":[12870,172],"tags":[12865,12874],"class_list":["post-225995","post","type-post","status-publish","format-standard","has-post-thumbnail","hentry","category-destacadas","category-nacional","tag-destacadas","tag-nacional"],"jetpack_featured_media_url":"https:\/\/rnoticias.com.mx\/Portal\/wp-content\/uploads\/2025\/08\/529400885_1340922901375691_3390408042782891792_n.jpg","amp_enabled":true,"_links":{"self":[{"href":"https:\/\/rnoticias.com.mx\/Portal\/wp-json\/wp\/v2\/posts\/225995","targetHints":{"allow":["GET"]}}],"collection":[{"href":"https:\/\/rnoticias.com.mx\/Portal\/wp-json\/wp\/v2\/posts"}],"about":[{"href":"https:\/\/rnoticias.com.mx\/Portal\/wp-json\/wp\/v2\/types\/post"}],"author":[{"embeddable":true,"href":"https:\/\/rnoticias.com.mx\/Portal\/wp-json\/wp\/v2\/users\/2"}],"replies":[{"embeddable":true,"href":"https:\/\/rnoticias.com.mx\/Portal\/wp-json\/wp\/v2\/comments?post=225995"}],"version-history":[{"count":1,"href":"https:\/\/rnoticias.com.mx\/Portal\/wp-json\/wp\/v2\/posts\/225995\/revisions"}],"predecessor-version":[{"id":225997,"href":"https:\/\/rnoticias.com.mx\/Portal\/wp-json\/wp\/v2\/posts\/225995\/revisions\/225997"}],"wp:featuredmedia":[{"embeddable":true,"href":"https:\/\/rnoticias.com.mx\/Portal\/wp-json\/wp\/v2\/media\/225996"}],"wp:attachment":[{"href":"https:\/\/rnoticias.com.mx\/Portal\/wp-json\/wp\/v2\/media?parent=225995"}],"wp:term":[{"taxonomy":"category","embeddable":true,"href":"https:\/\/rnoticias.com.mx\/Portal\/wp-json\/wp\/v2\/categories?post=225995"},{"taxonomy":"post_tag","embeddable":true,"href":"https:\/\/rnoticias.com.mx\/Portal\/wp-json\/wp\/v2\/tags?post=225995"}],"curies":[{"name":"wp","href":"https:\/\/api.w.org\/{rel}","templated":true}]}}