{"id":225992,"date":"2025-08-07T10:04:53","date_gmt":"2025-08-07T17:04:53","guid":{"rendered":"https:\/\/rnoticias.com.mx\/Portal\/?p=225992"},"modified":"2025-08-07T10:08:17","modified_gmt":"2025-08-07T17:08:17","slug":"crece-la-polemica-por-concierto-de-marilyn-manson-en-slp-entregan-6-mil-firmas-en-su-contra","status":"publish","type":"post","link":"https:\/\/rnoticias.com.mx\/Portal\/2025\/08\/07\/crece-la-polemica-por-concierto-de-marilyn-manson-en-slp-entregan-6-mil-firmas-en-su-contra\/","title":{"rendered":"Crece la pol\u00e9mica por concierto de Marilyn Manson en SLP: entregan 6 mil firmas en su contra"},"content":{"rendered":"<p>En d\u00edas recientes,<strong>\u00a0la pol\u00e9mica por la presentaci\u00f3n de Marilyn Manson en la Feria Nacional Potosina<\/strong>\u00a0(FENAPO) ha escalado, y ahora son\u00a0<strong>padres de familia de San Luis Potos\u00ed (SLP) quienes alzan la voz para pedir su cancelaci\u00f3n<\/strong>. A tan solo dos d\u00edas de que arranque el evento.<\/p>\n<h2 id=\"h-padres-de-familia-piden-cancelacion-de-concierto-de-marilyn-manson-en-slp\" class=\"wp-block-heading\">Padres de familia piden cancelaci\u00f3n de concierto de Marilyn Manson en SLP<\/h2>\n<p>Ayer, mi\u00e9rcoles 6 de agosto, la\u00a0<strong><a href=\"https:\/\/www.facebook.com\/UNPFmexico\" target=\"_blank\" rel=\"noreferrer noopener\">Uni\u00f3n Nacional de Padres de Familia (UNPF)<\/a>\u00a0se uni\u00f3 al rechazo y entreg\u00f3 m\u00e1s de 6 mil firmas<\/strong>\u00a0a las autoridades estatales y a la administraci\u00f3n de la FENAPO para la cancelaci\u00f3n de este concierto. Adem\u00e1s, realizaron una<strong>\u00a0manifestaci\u00f3n frente al recinto ferial, portando pancartas con mensajes como \u201cNo te queremos, Manson\u201d<\/strong> y \u201cQueremos educaci\u00f3n, no espect\u00e1culos violentos\u201d.<\/p>\n<p>La organizaci\u00f3n afirm\u00f3 que\u00a0<strong>no se oponen a la m\u00fasica ni al arte, pero consideran que este tipo de espect\u00e1culos no promueven entornos seguros\u00a0<\/strong>ni saludables para las familias potosinas y las juventudes. Aseguraron que seguir\u00e1n atentos para que se respeten los espacios p\u00fablicos como sitios de convivencia digna.<\/p>\n<p><a href=\"https:\/\/www.unotv.com\/entretenimiento\/insinuacion-del-mal-arzobispo-de-san-luis-potosi-no-quiere-a-marilyn-manson-en-la-fenapo-2025-ve-por-que\/\" target=\"_blank\" rel=\"noreferrer noopener\">Cabe destacar que, d\u00edas antes, Jorge Alberto Cavazos Arizpe,<\/a>\u00a0<strong>arzobispo de San Luis Potos\u00ed, expres\u00f3 su rechazo al show<\/strong>\u00a0del cantante de \u201cKill4me\u201d, se\u00f1alando que la FENAPO tiene un origen religioso y que la figura de Manson es incompatible con el esp\u00edritu del evento. Incluso,\u00a0<strong>revel\u00f3 haber enviado una carta al gobernador Ricardo Gallardo Cardona\u00a0<\/strong>solicitando formalmente que se cancele su participaci\u00f3n.<\/p>\n<div class=\"code-block code-block-2\">\n<div class=\"truvidPos\"><\/div>\n<\/div>\n<p>Sin embargo, hasta el momento,\u00a0<strong>el mandatario estatal ha precisado que Marilyn Manson si vendr\u00e1 a SLP<\/strong>; dicha afirmaci\u00f3n ha sido celebrada por los potosinos fans del rock, quienes\u00a0<strong>tem\u00edan que el evento sufriera el mismo destino que Black Sabbath cuando la banda vino al estado en 1989<\/strong>, pero no se present\u00f3 por conflictos religiosos.<\/p>\n<p>&nbsp;<\/p>\n<p>UnoTV<\/p>\n","protected":false},"excerpt":{"rendered":"<p>En d\u00edas recientes,\u00a0la pol\u00e9mica por la presentaci\u00f3n de Marilyn Manson en la Feria Nacional Potosina\u00a0(FENAPO) ha escalado, y ahora son\u00a0padres de familia de San Luis Potos\u00ed (SLP) quienes alzan la voz para pedir su cancelaci\u00f3n. A tan solo dos d\u00edas de que arranque el evento. Padres de familia piden cancelaci\u00f3n de concierto de Marilyn Manson [&hellip;]<\/p>\n","protected":false},"author":2,"featured_media":225993,"comment_status":"closed","ping_status":"closed","sticky":false,"template":"","format":"standard","meta":{"footnotes":""},"categories":[12870,219],"tags":[12865,12875],"class_list":["post-225992","post","type-post","status-publish","format-standard","has-post-thumbnail","hentry","category-destacadas","category-espectaculos","tag-destacadas","tag-espectaculos"],"jetpack_featured_media_url":"https:\/\/rnoticias.com.mx\/Portal\/wp-content\/uploads\/2025\/08\/marilyn-manson.jpg","amp_enabled":true,"_links":{"self":[{"href":"https:\/\/rnoticias.com.mx\/Portal\/wp-json\/wp\/v2\/posts\/225992","targetHints":{"allow":["GET"]}}],"collection":[{"href":"https:\/\/rnoticias.com.mx\/Portal\/wp-json\/wp\/v2\/posts"}],"about":[{"href":"https:\/\/rnoticias.com.mx\/Portal\/wp-json\/wp\/v2\/types\/post"}],"author":[{"embeddable":true,"href":"https:\/\/rnoticias.com.mx\/Portal\/wp-json\/wp\/v2\/users\/2"}],"replies":[{"embeddable":true,"href":"https:\/\/rnoticias.com.mx\/Portal\/wp-json\/wp\/v2\/comments?post=225992"}],"version-history":[{"count":1,"href":"https:\/\/rnoticias.com.mx\/Portal\/wp-json\/wp\/v2\/posts\/225992\/revisions"}],"predecessor-version":[{"id":225994,"href":"https:\/\/rnoticias.com.mx\/Portal\/wp-json\/wp\/v2\/posts\/225992\/revisions\/225994"}],"wp:featuredmedia":[{"embeddable":true,"href":"https:\/\/rnoticias.com.mx\/Portal\/wp-json\/wp\/v2\/media\/225993"}],"wp:attachment":[{"href":"https:\/\/rnoticias.com.mx\/Portal\/wp-json\/wp\/v2\/media?parent=225992"}],"wp:term":[{"taxonomy":"category","embeddable":true,"href":"https:\/\/rnoticias.com.mx\/Portal\/wp-json\/wp\/v2\/categories?post=225992"},{"taxonomy":"post_tag","embeddable":true,"href":"https:\/\/rnoticias.com.mx\/Portal\/wp-json\/wp\/v2\/tags?post=225992"}],"curies":[{"name":"wp","href":"https:\/\/api.w.org\/{rel}","templated":true}]}}