{"id":225988,"date":"2025-08-07T09:17:11","date_gmt":"2025-08-07T16:17:11","guid":{"rendered":"https:\/\/rnoticias.com.mx\/Portal\/?p=225988"},"modified":"2025-08-07T09:17:11","modified_gmt":"2025-08-07T16:17:11","slug":"gobierno-de-sonora-informa-que-el-fin-de-semana-podrian-presentarse-lluvias-en-la-entidad","status":"publish","type":"post","link":"https:\/\/rnoticias.com.mx\/Portal\/2025\/08\/07\/gobierno-de-sonora-informa-que-el-fin-de-semana-podrian-presentarse-lluvias-en-la-entidad\/","title":{"rendered":"Gobierno de Sonora informa que el fin de semana podr\u00edan presentarse lluvias en la entidad"},"content":{"rendered":"<p>Hermosillo, Sonora; 7 de agosto de 2025.- El Gobierno de Sonora, a trav\u00e9s de la Coordinaci\u00f3n Estatal de Protecci\u00f3n Civil (CEPC), informa que durante el pr\u00f3ximo fin de semana un cambio en la circulaci\u00f3n atmosf\u00e9rica permitir\u00eda un mayor ingreso de humedad desde el Oc\u00e9ano Pac\u00edfico, lo que incrementar\u00e1 la inestabilidad atmosf\u00e9rica en la regi\u00f3n.<\/p>\n<p>Esto aumentar\u00eda la probabilidad de tormentas sobre el territorio sonorense, de acuerdo con los pron\u00f3sticos disponibles.<\/p>\n<p>Durante el fin de semana se prev\u00e9n precipitaciones de moderadas a fuertes (25-50 mm), principalmente en zonas serranas y del centro-sur del estado, acompa\u00f1adas de descargas el\u00e9ctricas, rachas de viento y posible ca\u00edda de granizo en algunas regiones.<\/p>\n<p>Asimismo, se prev\u00e9 que estas lluvias ayudar\u00e1n a mitigar las altas temperaturas y el clima seco que han predominado en los \u00faltimos d\u00edas.<\/p>\n<p>Ante este escenario, la Coordinaci\u00f3n Estatal de Protecci\u00f3n Civil llama a la poblaci\u00f3n a mantener las acciones preventivas propias de la temporada de verano.<\/p>\n<p>En caso de calor extremo, se recomienda:<\/p>\n<p>&#8211; Beber abundantes l\u00edquidos.<\/p>\n<p>&#8211; Evitar exposiciones prolongadas al sol.<\/p>\n<p>&#8211; Usar ropa clara y fresca, adem\u00e1s de portar gorra o sombrero.<\/p>\n<p>Durante tormentas, se recomienda:<\/p>\n<p>&#8211; No permanecer a la intemperie.<\/p>\n<p>&#8211; Buscar refugio seguro.<\/p>\n<p>&#8211; Evitar cruzar r\u00edos, arroyos y zonas con encharcamientos.<\/p>\n<p>En caso de emergencia, se debe llamar al 9-1-1.<\/p>\n","protected":false},"excerpt":{"rendered":"<p>Hermosillo, Sonora; 7 de agosto de 2025.- El Gobierno de Sonora, a trav\u00e9s de la Coordinaci\u00f3n Estatal de Protecci\u00f3n Civil (CEPC), informa que durante el pr\u00f3ximo fin de semana un cambio en la circulaci\u00f3n atmosf\u00e9rica permitir\u00eda un mayor ingreso de humedad desde el Oc\u00e9ano Pac\u00edfico, lo que incrementar\u00e1 la inestabilidad atmosf\u00e9rica en la regi\u00f3n. Esto [&hellip;]<\/p>\n","protected":false},"author":2,"featured_media":225989,"comment_status":"closed","ping_status":"closed","sticky":false,"template":"","format":"standard","meta":{"footnotes":""},"categories":[12870,178],"tags":[12865,12869],"class_list":["post-225988","post","type-post","status-publish","format-standard","has-post-thumbnail","hentry","category-destacadas","category-local","tag-destacadas","tag-local"],"jetpack_featured_media_url":"https:\/\/rnoticias.com.mx\/Portal\/wp-content\/uploads\/2025\/08\/unnamed-1-7.jpg","amp_enabled":true,"_links":{"self":[{"href":"https:\/\/rnoticias.com.mx\/Portal\/wp-json\/wp\/v2\/posts\/225988","targetHints":{"allow":["GET"]}}],"collection":[{"href":"https:\/\/rnoticias.com.mx\/Portal\/wp-json\/wp\/v2\/posts"}],"about":[{"href":"https:\/\/rnoticias.com.mx\/Portal\/wp-json\/wp\/v2\/types\/post"}],"author":[{"embeddable":true,"href":"https:\/\/rnoticias.com.mx\/Portal\/wp-json\/wp\/v2\/users\/2"}],"replies":[{"embeddable":true,"href":"https:\/\/rnoticias.com.mx\/Portal\/wp-json\/wp\/v2\/comments?post=225988"}],"version-history":[{"count":1,"href":"https:\/\/rnoticias.com.mx\/Portal\/wp-json\/wp\/v2\/posts\/225988\/revisions"}],"predecessor-version":[{"id":225990,"href":"https:\/\/rnoticias.com.mx\/Portal\/wp-json\/wp\/v2\/posts\/225988\/revisions\/225990"}],"wp:featuredmedia":[{"embeddable":true,"href":"https:\/\/rnoticias.com.mx\/Portal\/wp-json\/wp\/v2\/media\/225989"}],"wp:attachment":[{"href":"https:\/\/rnoticias.com.mx\/Portal\/wp-json\/wp\/v2\/media?parent=225988"}],"wp:term":[{"taxonomy":"category","embeddable":true,"href":"https:\/\/rnoticias.com.mx\/Portal\/wp-json\/wp\/v2\/categories?post=225988"},{"taxonomy":"post_tag","embeddable":true,"href":"https:\/\/rnoticias.com.mx\/Portal\/wp-json\/wp\/v2\/tags?post=225988"}],"curies":[{"name":"wp","href":"https:\/\/api.w.org\/{rel}","templated":true}]}}