{"id":225982,"date":"2025-08-07T09:08:11","date_gmt":"2025-08-07T16:08:11","guid":{"rendered":"https:\/\/rnoticias.com.mx\/Portal\/?p=225982"},"modified":"2025-08-07T09:08:11","modified_gmt":"2025-08-07T16:08:11","slug":"quienes-son-los-nominados-para-abandonar-lcdlfm-en-la-segunda-semana","status":"publish","type":"post","link":"https:\/\/rnoticias.com.mx\/Portal\/2025\/08\/07\/quienes-son-los-nominados-para-abandonar-lcdlfm-en-la-segunda-semana\/","title":{"rendered":"\u00bfQui\u00e9nes son los nominados para abandonar LCDLFM en la segunda semana?"},"content":{"rendered":"<p>Se dio a conocer el siguiente grupo de\u00a0<strong>nominados<\/strong>\u00a0en\u00a0<strong>La Casa de los Famosos M\u00e9xico<\/strong>, por lo que el pr\u00f3ximo domingo 10 de agosto se conocer\u00e1 al segundo participante eliminado de este reality.<\/p>\n<p>Durante la gala de nominaci\u00f3n del mi\u00e9rcoles, los habitantes de LCDLF se enfrentaron en el confesionario para repartir puntos en contra de sus compa\u00f1eros. De tal forma, los cinco nominados de\u00a0<strong>esta semana<\/strong>\u00a0fueron:<\/p>\n<ul>\n<li><strong>Alexis Ayala<\/strong><\/li>\n<li><strong>Priscila Valverde<\/strong><\/li>\n<li><strong>Dalilah Polanco<\/strong><\/li>\n<li><strong>Mar Contreras<\/strong><\/li>\n<li><strong>Adri\u00e1n Di Monte<\/strong><\/li>\n<\/ul>\n<p>En esta semana, el l\u00edder fue\u00a0<strong>Ninel Conde<\/strong>, quien gan\u00f3 la elecci\u00f3n el lunes 4 de agosto, por lo que obtuvo inmunidad y eligi\u00f3 a Dalilah Polanco para compartir la suite. Adem\u00e1s, este jueves es de\u00a0<strong>robo de salvaci\u00f3n<\/strong>\u00a0y cena de nominados, mientras que el viernes es de fiestas tem\u00e1ticas y oportunidad de salvaci\u00f3n. El domingo ser\u00e1 el posicionamiento y\u00a0<strong>gala final<\/strong>\u00a0con eliminaci\u00f3n elegida por el p\u00fablico.<\/p>\n<p>&nbsp;<\/p>\n<p>Fuente: Excelsior<\/p>\n","protected":false},"excerpt":{"rendered":"<p>Se dio a conocer el siguiente grupo de\u00a0nominados\u00a0en\u00a0La Casa de los Famosos M\u00e9xico, por lo que el pr\u00f3ximo domingo 10 de agosto se conocer\u00e1 al segundo participante eliminado de este reality. Durante la gala de nominaci\u00f3n del mi\u00e9rcoles, los habitantes de LCDLF se enfrentaron en el confesionario para repartir puntos en contra de sus compa\u00f1eros. [&hellip;]<\/p>\n","protected":false},"author":2,"featured_media":225983,"comment_status":"closed","ping_status":"closed","sticky":false,"template":"","format":"standard","meta":{"footnotes":""},"categories":[12870,219],"tags":[12865,12875],"class_list":["post-225982","post","type-post","status-publish","format-standard","has-post-thumbnail","hentry","category-destacadas","category-espectaculos","tag-destacadas","tag-espectaculos"],"jetpack_featured_media_url":"https:\/\/rnoticias.com.mx\/Portal\/wp-content\/uploads\/2025\/08\/la_casa_de_los_famosos_nominados.jpg_1339198940.webp","amp_enabled":true,"_links":{"self":[{"href":"https:\/\/rnoticias.com.mx\/Portal\/wp-json\/wp\/v2\/posts\/225982","targetHints":{"allow":["GET"]}}],"collection":[{"href":"https:\/\/rnoticias.com.mx\/Portal\/wp-json\/wp\/v2\/posts"}],"about":[{"href":"https:\/\/rnoticias.com.mx\/Portal\/wp-json\/wp\/v2\/types\/post"}],"author":[{"embeddable":true,"href":"https:\/\/rnoticias.com.mx\/Portal\/wp-json\/wp\/v2\/users\/2"}],"replies":[{"embeddable":true,"href":"https:\/\/rnoticias.com.mx\/Portal\/wp-json\/wp\/v2\/comments?post=225982"}],"version-history":[{"count":1,"href":"https:\/\/rnoticias.com.mx\/Portal\/wp-json\/wp\/v2\/posts\/225982\/revisions"}],"predecessor-version":[{"id":225984,"href":"https:\/\/rnoticias.com.mx\/Portal\/wp-json\/wp\/v2\/posts\/225982\/revisions\/225984"}],"wp:featuredmedia":[{"embeddable":true,"href":"https:\/\/rnoticias.com.mx\/Portal\/wp-json\/wp\/v2\/media\/225983"}],"wp:attachment":[{"href":"https:\/\/rnoticias.com.mx\/Portal\/wp-json\/wp\/v2\/media?parent=225982"}],"wp:term":[{"taxonomy":"category","embeddable":true,"href":"https:\/\/rnoticias.com.mx\/Portal\/wp-json\/wp\/v2\/categories?post=225982"},{"taxonomy":"post_tag","embeddable":true,"href":"https:\/\/rnoticias.com.mx\/Portal\/wp-json\/wp\/v2\/tags?post=225982"}],"curies":[{"name":"wp","href":"https:\/\/api.w.org\/{rel}","templated":true}]}}