{"id":225926,"date":"2025-08-06T21:02:53","date_gmt":"2025-08-07T04:02:53","guid":{"rendered":"https:\/\/rnoticias.com.mx\/Portal\/?p=225926"},"modified":"2025-08-06T21:02:53","modified_gmt":"2025-08-07T04:02:53","slug":"vinculados-a-proceso-dos-sujetos-por-el-delito-de-desaparicion-con-resultado-de-muerte-y-asociacion-delictuosa-en-hermosillo","status":"publish","type":"post","link":"https:\/\/rnoticias.com.mx\/Portal\/2025\/08\/06\/vinculados-a-proceso-dos-sujetos-por-el-delito-de-desaparicion-con-resultado-de-muerte-y-asociacion-delictuosa-en-hermosillo\/","title":{"rendered":"Vinculados a proceso dos sujetos por el delito de desaparici\u00f3n con resultado de muerte y asociaci\u00f3n delictuosa en Hermosillo"},"content":{"rendered":"<p>Hermosillo, Sonora, 6 de agosto de 2025.- La Fiscal\u00eda General de Justicia del Estado de Sonora (FGJES) informa que se logr\u00f3 la vinculaci\u00f3n a proceso de Julio C\u00e9sar \u201cN\u201d y Mario Alberto \u201cN\u201d, se\u00f1alados como probables responsables de los delitos de desaparici\u00f3n cometida por particulares con resultado de muerte y asociaci\u00f3n delictuosa en concurso real de delitos, cometidos en perjuicio de Jos\u00e9 Alejandro \u201cN\u201d.<\/p>\n<p>Los hechos investigados se remontan a la noche del 18 de marzo de 2025, cuando los imputados, junto con diversos copart\u00edcipes, arribaron a un domicilio ubicado en la colonia Cerrada de Minas, en esta ciudad. En dicho lugar, privaron de la libertad a la v\u00edctima, cuyos restos fueron localizados al d\u00eda siguiente en el interior de una hielera que se encontraba dentro de una mochila. El hallazgo ocurri\u00f3 en las calles Fidel Vel\u00e1zquez y bulevar Luis Encinas, en la colonia Revoluci\u00f3n 1, al oriente de Hermosillo.<\/p>\n<p>Mediante trabajos periciales realizados por el \u00e1rea de gen\u00e9tica, se logr\u00f3 identificar a la v\u00edctima, lo que permiti\u00f3 iniciar las investigaciones en torno a su desaparici\u00f3n. A trav\u00e9s de diversos actos investigativos, se estableci\u00f3 la probable responsabilidad de los imputados, quienes fueron capturados por elementos de la Agencia Ministerial de Investigaci\u00f3n Criminal (AMIC).<\/p>\n<p>Durante la audiencia inicial celebrada ante el Juez de Control correspondiente, el Ministerio P\u00fablico present\u00f3 la carpeta de investigaci\u00f3n y acredit\u00f3 la probable participaci\u00f3n de los se\u00f1alados en los delitos mencionados. El Juez determin\u00f3 procedente la vinculaci\u00f3n a proceso y, en ambos casos, impuso la medida cautelar de prisi\u00f3n preventiva justificada.<\/p>\n<p>Este caso refrenda el compromiso institucional de la FGJES con la procuraci\u00f3n de justicia, la protecci\u00f3n de la vida y la integridad de las personas, as\u00ed como con el combate frontal a conductas que atentan contra la seguridad p\u00fablica.<\/p>\n","protected":false},"excerpt":{"rendered":"<p>Hermosillo, Sonora, 6 de agosto de 2025.- La Fiscal\u00eda General de Justicia del Estado de Sonora (FGJES) informa que se logr\u00f3 la vinculaci\u00f3n a proceso de Julio C\u00e9sar \u201cN\u201d y Mario Alberto \u201cN\u201d, se\u00f1alados como probables responsables de los delitos de desaparici\u00f3n cometida por particulares con resultado de muerte y asociaci\u00f3n delictuosa en concurso real [&hellip;]<\/p>\n","protected":false},"author":2,"featured_media":225927,"comment_status":"closed","ping_status":"closed","sticky":false,"template":"","format":"standard","meta":{"footnotes":""},"categories":[12870,178],"tags":[12865,12869],"class_list":["post-225926","post","type-post","status-publish","format-standard","has-post-thumbnail","hentry","category-destacadas","category-local","tag-destacadas","tag-local"],"jetpack_featured_media_url":"https:\/\/rnoticias.com.mx\/Portal\/wp-content\/uploads\/2025\/08\/ba1160a5-499b-42b6-adc9-edfe7d34d13a.jpg","amp_enabled":true,"_links":{"self":[{"href":"https:\/\/rnoticias.com.mx\/Portal\/wp-json\/wp\/v2\/posts\/225926","targetHints":{"allow":["GET"]}}],"collection":[{"href":"https:\/\/rnoticias.com.mx\/Portal\/wp-json\/wp\/v2\/posts"}],"about":[{"href":"https:\/\/rnoticias.com.mx\/Portal\/wp-json\/wp\/v2\/types\/post"}],"author":[{"embeddable":true,"href":"https:\/\/rnoticias.com.mx\/Portal\/wp-json\/wp\/v2\/users\/2"}],"replies":[{"embeddable":true,"href":"https:\/\/rnoticias.com.mx\/Portal\/wp-json\/wp\/v2\/comments?post=225926"}],"version-history":[{"count":1,"href":"https:\/\/rnoticias.com.mx\/Portal\/wp-json\/wp\/v2\/posts\/225926\/revisions"}],"predecessor-version":[{"id":225928,"href":"https:\/\/rnoticias.com.mx\/Portal\/wp-json\/wp\/v2\/posts\/225926\/revisions\/225928"}],"wp:featuredmedia":[{"embeddable":true,"href":"https:\/\/rnoticias.com.mx\/Portal\/wp-json\/wp\/v2\/media\/225927"}],"wp:attachment":[{"href":"https:\/\/rnoticias.com.mx\/Portal\/wp-json\/wp\/v2\/media?parent=225926"}],"wp:term":[{"taxonomy":"category","embeddable":true,"href":"https:\/\/rnoticias.com.mx\/Portal\/wp-json\/wp\/v2\/categories?post=225926"},{"taxonomy":"post_tag","embeddable":true,"href":"https:\/\/rnoticias.com.mx\/Portal\/wp-json\/wp\/v2\/tags?post=225926"}],"curies":[{"name":"wp","href":"https:\/\/api.w.org\/{rel}","templated":true}]}}