{"id":225920,"date":"2025-08-06T20:58:50","date_gmt":"2025-08-07T03:58:50","guid":{"rendered":"https:\/\/rnoticias.com.mx\/Portal\/?p=225920"},"modified":"2025-08-06T20:58:50","modified_gmt":"2025-08-07T03:58:50","slug":"profeco-en-sonora-habilita-modulo-especial-para-atender-quejas-por-apagones","status":"publish","type":"post","link":"https:\/\/rnoticias.com.mx\/Portal\/2025\/08\/06\/profeco-en-sonora-habilita-modulo-especial-para-atender-quejas-por-apagones\/","title":{"rendered":"Profeco en Sonora habilita m\u00f3dulo especial para atender quejas por apagones"},"content":{"rendered":"<div data-olk-copy-source=\"MessageBody\">Ante los constantes apagones registrados en Hermosillo durante la actual ola de calor, la Procuradur\u00eda Federal del Consumidor (Profeco) en Sonora inform\u00f3 que se encuentra abierta y lista para recibir quejas de la ciudadan\u00eda.<\/div>\n<div data-olk-copy-source=\"MessageBody\"><\/div>\n<div aria-hidden=\"true\"><\/div>\n<div>La delegada estatal, Ana Guizar Valenzuela, se\u00f1al\u00f3 que se instal\u00f3 un m\u00f3dulo con l\u00ednea directa a la Comisi\u00f3n Federal de Electricidad (CFE), el primero de su tipo a nivel nacional, con el objetivo de brindar atenci\u00f3n inmediata a los usuarios afectados por fallas en el servicio el\u00e9ctrico, considerado un derecho b\u00e1sico, especialmente en condiciones extremas de temperatura como las que enfrenta la capital del estado.<\/div>\n<div aria-hidden=\"true\"><\/div>\n<div><\/div>\n<div>\u201cEntonces yo los invito a que si tienen alguna queja, a lo mejor un asunto no resuelto\u00a0con el tema de CFE, vayan a este m\u00f3dulo en Profeco, vayan con su servidora\u00a0y ah\u00ed sin duda vamos a poder solucionar cualquier situaci\u00f3n que ustedes tengan, \u00bfno?\u201d, extern\u00f3.<\/div>\n<div aria-hidden=\"true\"><\/div>\n<div aria-hidden=\"true\"><\/div>\n<div>Reconoci\u00f3, que esa alternativa sin duda ayuda en la confianza de la ciudadan\u00eda para contar con un enlace m\u00e1s hacia esa empresa en el caso de padecer de alguna situaci\u00f3n relacionada con el suministro de energ\u00eda el\u00e9ctrica.<\/div>\n","protected":false},"excerpt":{"rendered":"<p>Ante los constantes apagones registrados en Hermosillo durante la actual ola de calor, la Procuradur\u00eda Federal del Consumidor (Profeco) en Sonora inform\u00f3 que se encuentra abierta y lista para recibir quejas de la ciudadan\u00eda. La delegada estatal, Ana Guizar Valenzuela, se\u00f1al\u00f3 que se instal\u00f3 un m\u00f3dulo con l\u00ednea directa a la Comisi\u00f3n Federal de Electricidad [&hellip;]<\/p>\n","protected":false},"author":2,"featured_media":225921,"comment_status":"closed","ping_status":"closed","sticky":false,"template":"","format":"standard","meta":{"footnotes":""},"categories":[12870,178],"tags":[12865,12869],"class_list":["post-225920","post","type-post","status-publish","format-standard","has-post-thumbnail","hentry","category-destacadas","category-local","tag-destacadas","tag-local"],"jetpack_featured_media_url":"https:\/\/rnoticias.com.mx\/Portal\/wp-content\/uploads\/2025\/08\/0cc5ad5a-977c-44d3-9b60-17f703d5741d.jpg","amp_enabled":true,"_links":{"self":[{"href":"https:\/\/rnoticias.com.mx\/Portal\/wp-json\/wp\/v2\/posts\/225920","targetHints":{"allow":["GET"]}}],"collection":[{"href":"https:\/\/rnoticias.com.mx\/Portal\/wp-json\/wp\/v2\/posts"}],"about":[{"href":"https:\/\/rnoticias.com.mx\/Portal\/wp-json\/wp\/v2\/types\/post"}],"author":[{"embeddable":true,"href":"https:\/\/rnoticias.com.mx\/Portal\/wp-json\/wp\/v2\/users\/2"}],"replies":[{"embeddable":true,"href":"https:\/\/rnoticias.com.mx\/Portal\/wp-json\/wp\/v2\/comments?post=225920"}],"version-history":[{"count":1,"href":"https:\/\/rnoticias.com.mx\/Portal\/wp-json\/wp\/v2\/posts\/225920\/revisions"}],"predecessor-version":[{"id":225922,"href":"https:\/\/rnoticias.com.mx\/Portal\/wp-json\/wp\/v2\/posts\/225920\/revisions\/225922"}],"wp:featuredmedia":[{"embeddable":true,"href":"https:\/\/rnoticias.com.mx\/Portal\/wp-json\/wp\/v2\/media\/225921"}],"wp:attachment":[{"href":"https:\/\/rnoticias.com.mx\/Portal\/wp-json\/wp\/v2\/media?parent=225920"}],"wp:term":[{"taxonomy":"category","embeddable":true,"href":"https:\/\/rnoticias.com.mx\/Portal\/wp-json\/wp\/v2\/categories?post=225920"},{"taxonomy":"post_tag","embeddable":true,"href":"https:\/\/rnoticias.com.mx\/Portal\/wp-json\/wp\/v2\/tags?post=225920"}],"curies":[{"name":"wp","href":"https:\/\/api.w.org\/{rel}","templated":true}]}}