{"id":225917,"date":"2025-08-06T20:57:19","date_gmt":"2025-08-07T03:57:19","guid":{"rendered":"https:\/\/rnoticias.com.mx\/Portal\/?p=225917"},"modified":"2025-08-06T20:57:19","modified_gmt":"2025-08-07T03:57:19","slug":"prorrogar-aranceles-de-estados-unidos-a-mexico-nos-genera-certidumbre-ctm-nogales","status":"publish","type":"post","link":"https:\/\/rnoticias.com.mx\/Portal\/2025\/08\/06\/prorrogar-aranceles-de-estados-unidos-a-mexico-nos-genera-certidumbre-ctm-nogales\/","title":{"rendered":"Prorrogar aranceles de Estados Unidos a M\u00e9xico nos genera certidumbre: CTM Nogales"},"content":{"rendered":"<div data-olk-copy-source=\"MessageBody\">La Confederaci\u00f3n de Trabajadores de M\u00e9xico (CTM) en Nogales consider\u00f3 positiva la decisi\u00f3n del gobierno estadounidense de prorrogar por 90 d\u00edas la imposici\u00f3n de aranceles a productos mexicanos, ya que brinda certidumbre tanto a inversionistas como al sector obrero nacional.<\/div>\n<div aria-hidden=\"true\"><\/div>\n<div aria-hidden=\"true\"><\/div>\n<div>Jorge Vega Valles, secretario de la organizaci\u00f3n, destac\u00f3 el papel de la presidenta de M\u00e9xico y su equipo de asesores en las negociaciones con el presidente Donald Trump para lograr este aplazamiento, el cual representa una se\u00f1al alentadora en medio de un panorama econ\u00f3mico complicado.<\/div>\n<div aria-hidden=\"true\"><\/div>\n<div><\/div>\n<div>\u201cY esto pues nos ayuda bastante en crear\u00a0certidumbre dentro del sector productivo porque estamos en una situaci\u00f3n muy\u00a0complicada, ya que estamos viendo la noticia de la Nissan, por ejemplo, que\u00a0retira a 2.400 empleados, entonces esto\u00a0estaba creando una situaci\u00f3n como de irse en cadena\u201d, precis\u00f3.<\/div>\n<div aria-hidden=\"true\"><\/div>\n<div aria-hidden=\"true\"><\/div>\n<div>A\u00f1adi\u00f3 que en Sonora hay instaladas empresas automotrices, especialmente en el municipio de Nogales y las cuales surten a esos grandes conglomerados automotrices.<\/div>\n<div aria-hidden=\"true\"><\/div>\n<div aria-hidden=\"true\"><\/div>\n<div>Vega Valles recalc\u00f3, que la pr\u00f3rroga abre la posibilidad de alcanzar un acuerdo comercial m\u00e1s s\u00f3lido con Estados Unidos, especialmente en el contexto de la revisi\u00f3n del T-MEC.<\/div>\n","protected":false},"excerpt":{"rendered":"<p>La Confederaci\u00f3n de Trabajadores de M\u00e9xico (CTM) en Nogales consider\u00f3 positiva la decisi\u00f3n del gobierno estadounidense de prorrogar por 90 d\u00edas la imposici\u00f3n de aranceles a productos mexicanos, ya que brinda certidumbre tanto a inversionistas como al sector obrero nacional. Jorge Vega Valles, secretario de la organizaci\u00f3n, destac\u00f3 el papel de la presidenta de M\u00e9xico [&hellip;]<\/p>\n","protected":false},"author":2,"featured_media":225918,"comment_status":"closed","ping_status":"closed","sticky":false,"template":"","format":"standard","meta":{"footnotes":""},"categories":[12870,174],"tags":[12865,12873],"class_list":["post-225917","post","type-post","status-publish","format-standard","has-post-thumbnail","hentry","category-destacadas","category-estatal","tag-destacadas","tag-estatal"],"jetpack_featured_media_url":"https:\/\/rnoticias.com.mx\/Portal\/wp-content\/uploads\/2025\/08\/images.jpg","amp_enabled":true,"_links":{"self":[{"href":"https:\/\/rnoticias.com.mx\/Portal\/wp-json\/wp\/v2\/posts\/225917","targetHints":{"allow":["GET"]}}],"collection":[{"href":"https:\/\/rnoticias.com.mx\/Portal\/wp-json\/wp\/v2\/posts"}],"about":[{"href":"https:\/\/rnoticias.com.mx\/Portal\/wp-json\/wp\/v2\/types\/post"}],"author":[{"embeddable":true,"href":"https:\/\/rnoticias.com.mx\/Portal\/wp-json\/wp\/v2\/users\/2"}],"replies":[{"embeddable":true,"href":"https:\/\/rnoticias.com.mx\/Portal\/wp-json\/wp\/v2\/comments?post=225917"}],"version-history":[{"count":1,"href":"https:\/\/rnoticias.com.mx\/Portal\/wp-json\/wp\/v2\/posts\/225917\/revisions"}],"predecessor-version":[{"id":225919,"href":"https:\/\/rnoticias.com.mx\/Portal\/wp-json\/wp\/v2\/posts\/225917\/revisions\/225919"}],"wp:featuredmedia":[{"embeddable":true,"href":"https:\/\/rnoticias.com.mx\/Portal\/wp-json\/wp\/v2\/media\/225918"}],"wp:attachment":[{"href":"https:\/\/rnoticias.com.mx\/Portal\/wp-json\/wp\/v2\/media?parent=225917"}],"wp:term":[{"taxonomy":"category","embeddable":true,"href":"https:\/\/rnoticias.com.mx\/Portal\/wp-json\/wp\/v2\/categories?post=225917"},{"taxonomy":"post_tag","embeddable":true,"href":"https:\/\/rnoticias.com.mx\/Portal\/wp-json\/wp\/v2\/tags?post=225917"}],"curies":[{"name":"wp","href":"https:\/\/api.w.org\/{rel}","templated":true}]}}