{"id":225914,"date":"2025-08-06T20:53:06","date_gmt":"2025-08-07T03:53:06","guid":{"rendered":"https:\/\/rnoticias.com.mx\/Portal\/?p=225914"},"modified":"2025-08-06T20:53:06","modified_gmt":"2025-08-07T03:53:06","slug":"aseguran-armamento-equipo-tactico-y-vehiculo-con-reporte-de-robo-durante-cateo-en-ciudad-obregon","status":"publish","type":"post","link":"https:\/\/rnoticias.com.mx\/Portal\/2025\/08\/06\/aseguran-armamento-equipo-tactico-y-vehiculo-con-reporte-de-robo-durante-cateo-en-ciudad-obregon\/","title":{"rendered":"Aseguran armamento, equipo t\u00e1ctico y veh\u00edculo con reporte de robo durante cateo en Ciudad Obreg\u00f3n"},"content":{"rendered":"<p>Cajeme, Sonora, 6 de agosto de 2025.- La Fiscal\u00eda General de Justicia del Estado de Sonora (FGJES), por medio de la Agencia Ministerial de Investigaci\u00f3n Criminal (AMIC), y en coordinaci\u00f3n con la Secretar\u00eda de la Defensa Nacional (DEFENSA), logr\u00f3 la captura de una persona y el aseguramiento de armamento, equipo t\u00e1ctico, abrojos met\u00e1licos (ponchallantas), droga y un veh\u00edculo con reporte de robo, durante un cateo realizado en la colonia Faustino F\u00e9lix, en Ciudad Obreg\u00f3n.<\/p>\n<p>El operativo forma parte del reforzamiento en seguridad p\u00fablica en ese municipio y fue realizado el 4 de agosto de 2025, durante el cateo, se detuvo a un masculino de 19 a\u00f1os, perteneciente a un grupo delictivo y familiar de un objetivo prioritario asentado en la regi\u00f3n de Sonoyta.<\/p>\n<p>Adem\u00e1s, se aseguraron dos fusiles de asalto AK-47; un arma corta calibre 9 mil\u00edmetros, siete cargadores para arma corta y fusiles, 596 cartuchos de diversos calibres, siete chalecos t\u00e1cticos, 45 \u201cponchallantas\u201d met\u00e1licos, tres cascos bal\u00edsticos y tres radios port\u00e1tiles.<\/p>\n<p>Tambi\u00e9n se decomisaron mil 50 envoltorios de marihuana, un veh\u00edculo Nissan Murano, modelo 2015, un Jeep Cherokee, modelo 1986, una camioneta Chevrolet Tahoe, modelo 2005 con reporte de robo vigente en Guaymas y un veh\u00edculo tipo Buggy, color rojo.<\/p>\n<p>La persona detenida y los indicios asegurados fueron puestos a disposici\u00f3n, del Agente del Ministerio P\u00fablico de la Federaci\u00f3n (AMPF).<\/p>\n<p>Es de se\u00f1alarse que tanto la vivienda cateada como el veh\u00edculo Chevrolet Tahoe asegurado est\u00e1n vinculados al entorno directo de generadores de violencia, lo que refuerza la relaci\u00f3n entre los aseguramientos y las estructuras criminales de la regi\u00f3n<\/p>\n<p>Este operativo refrenda el compromiso institucional de la FGJES con el combate frontal a la delincuencia organizada y el fortalecimiento de la paz y tranquilidad de las personas.<\/p>\n","protected":false},"excerpt":{"rendered":"<p>Cajeme, Sonora, 6 de agosto de 2025.- La Fiscal\u00eda General de Justicia del Estado de Sonora (FGJES), por medio de la Agencia Ministerial de Investigaci\u00f3n Criminal (AMIC), y en coordinaci\u00f3n con la Secretar\u00eda de la Defensa Nacional (DEFENSA), logr\u00f3 la captura de una persona y el aseguramiento de armamento, equipo t\u00e1ctico, abrojos met\u00e1licos (ponchallantas), droga [&hellip;]<\/p>\n","protected":false},"author":2,"featured_media":225915,"comment_status":"closed","ping_status":"closed","sticky":false,"template":"","format":"standard","meta":{"footnotes":""},"categories":[12870,174],"tags":[12865,12873],"class_list":["post-225914","post","type-post","status-publish","format-standard","has-post-thumbnail","hentry","category-destacadas","category-estatal","tag-destacadas","tag-estatal"],"jetpack_featured_media_url":"https:\/\/rnoticias.com.mx\/Portal\/wp-content\/uploads\/2025\/08\/24b1c390-b270-4cfa-88c4-90f8b2635716.jpg","amp_enabled":true,"_links":{"self":[{"href":"https:\/\/rnoticias.com.mx\/Portal\/wp-json\/wp\/v2\/posts\/225914","targetHints":{"allow":["GET"]}}],"collection":[{"href":"https:\/\/rnoticias.com.mx\/Portal\/wp-json\/wp\/v2\/posts"}],"about":[{"href":"https:\/\/rnoticias.com.mx\/Portal\/wp-json\/wp\/v2\/types\/post"}],"author":[{"embeddable":true,"href":"https:\/\/rnoticias.com.mx\/Portal\/wp-json\/wp\/v2\/users\/2"}],"replies":[{"embeddable":true,"href":"https:\/\/rnoticias.com.mx\/Portal\/wp-json\/wp\/v2\/comments?post=225914"}],"version-history":[{"count":1,"href":"https:\/\/rnoticias.com.mx\/Portal\/wp-json\/wp\/v2\/posts\/225914\/revisions"}],"predecessor-version":[{"id":225916,"href":"https:\/\/rnoticias.com.mx\/Portal\/wp-json\/wp\/v2\/posts\/225914\/revisions\/225916"}],"wp:featuredmedia":[{"embeddable":true,"href":"https:\/\/rnoticias.com.mx\/Portal\/wp-json\/wp\/v2\/media\/225915"}],"wp:attachment":[{"href":"https:\/\/rnoticias.com.mx\/Portal\/wp-json\/wp\/v2\/media?parent=225914"}],"wp:term":[{"taxonomy":"category","embeddable":true,"href":"https:\/\/rnoticias.com.mx\/Portal\/wp-json\/wp\/v2\/categories?post=225914"},{"taxonomy":"post_tag","embeddable":true,"href":"https:\/\/rnoticias.com.mx\/Portal\/wp-json\/wp\/v2\/tags?post=225914"}],"curies":[{"name":"wp","href":"https:\/\/api.w.org\/{rel}","templated":true}]}}