{"id":225911,"date":"2025-08-06T20:48:40","date_gmt":"2025-08-07T03:48:40","guid":{"rendered":"https:\/\/rnoticias.com.mx\/Portal\/?p=225911"},"modified":"2025-08-06T20:48:40","modified_gmt":"2025-08-07T03:48:40","slug":"invita-ayuntamiento-de-hermosillo-a-visitar-el-stand-de-tesoreria-en-feria-de-regreso-a-clases-2025-en-expoforum","status":"publish","type":"post","link":"https:\/\/rnoticias.com.mx\/Portal\/2025\/08\/06\/invita-ayuntamiento-de-hermosillo-a-visitar-el-stand-de-tesoreria-en-feria-de-regreso-a-clases-2025-en-expoforum\/","title":{"rendered":"Invita Ayuntamiento de Hermosillo a visitar el stand de Tesorer\u00eda en Feria de Regreso a Clases 2025 en Expoforum"},"content":{"rendered":"<p>Hermosillo, Sonora; 6 de agosto, 2025.- El Gobierno Municipal de Hermosillo invita a la ciudadan\u00eda al stand que Tesorer\u00eda Municipal instalar\u00e1 en la Feria de Regreso a Clases 2025 de Canaco Hermosillo, los d\u00edas 16 y 17 de agosto en las instalaciones del Expoforum.<\/p>\n<p>Yazmina Anaya Camargo, directora de Ingresos de Tesorer\u00eda Municipal, motiv\u00f3 a contribuyentes y usuarios del servicio de agua a ponerse al corriente, adem\u00e1s de tener la oportunidad de participar en las din\u00e1micas para obtener una laptop, tabletas o vales canjeables por art\u00edculos para este regreso a clases.<\/p>\n<p>Tesorer\u00eda Municipal ofrecer\u00e1 descuentos del 100\u202f% en recargos y 100\u202f% en multas de predial; 50\u202f% menos en la base y 100\u202f% menos en recargos de multas de tr\u00e1nsito y multas administrativas.<\/p>\n<p>Adem\u00e1s, Agua de Hermosillo tendr\u00e1 descuentos en el consumo dom\u00e9stico de agua del 10\u202f% al 60\u202f% en adeudos y 100\u202f% en recargos.<\/p>\n<p>Con esto, las y los contribuyentes podr\u00e1n participar en una din\u00e1mica para obtener una laptop o una tableta para sus hijos, al realizar el pago de contribuciones o adquirir art\u00edculos en los establecimientos instalados en la feria. La selecci\u00f3n se llevar\u00e1 a cabo al finalizar la jornada del domingo 17 de agosto.<\/p>\n<p>Por su parte, la Agencia Municipal de Desarrollo Econ\u00f3mico (AMDE) entregar\u00e1 vales para \u00fatiles y productos escolares canjeables en establecimientos participantes, para apoyar la econom\u00eda familiar en este regreso a clases, a los padres de familia que paguen contribuciones o adquieran art\u00edculos en los establecimientos participantes.<\/p>\n<p>El Ayuntamiento de Hermosillo invita a ponerse al corriente aprovechando los grandes descuentos en esta jornada y, a su vez, tener la oportunidad de adquirir interesantes beneficios.<\/p>\n<p>Detalles:<br \/>\nD\u00edas: s\u00e1bado 16 y domingo 17 de agosto<br \/>\nHorario: de 8:00 a.\u202fm. a 8:00 p.\u202fm.<br \/>\nLugar: Expo F\u00f3rum, en Blvd. Agust\u00edn de Vild\u00f3sola 251<\/p>\n","protected":false},"excerpt":{"rendered":"<p>Hermosillo, Sonora; 6 de agosto, 2025.- El Gobierno Municipal de Hermosillo invita a la ciudadan\u00eda al stand que Tesorer\u00eda Municipal instalar\u00e1 en la Feria de Regreso a Clases 2025 de Canaco Hermosillo, los d\u00edas 16 y 17 de agosto en las instalaciones del Expoforum. Yazmina Anaya Camargo, directora de Ingresos de Tesorer\u00eda Municipal, motiv\u00f3 a [&hellip;]<\/p>\n","protected":false},"author":2,"featured_media":225912,"comment_status":"closed","ping_status":"closed","sticky":false,"template":"","format":"standard","meta":{"footnotes":""},"categories":[12870,178],"tags":[12865,12869],"class_list":["post-225911","post","type-post","status-publish","format-standard","has-post-thumbnail","hentry","category-destacadas","category-local","tag-destacadas","tag-local"],"jetpack_featured_media_url":"https:\/\/rnoticias.com.mx\/Portal\/wp-content\/uploads\/2025\/08\/0913d36b-b979-4471-ae9a-b823823911c5.jpg","amp_enabled":true,"_links":{"self":[{"href":"https:\/\/rnoticias.com.mx\/Portal\/wp-json\/wp\/v2\/posts\/225911","targetHints":{"allow":["GET"]}}],"collection":[{"href":"https:\/\/rnoticias.com.mx\/Portal\/wp-json\/wp\/v2\/posts"}],"about":[{"href":"https:\/\/rnoticias.com.mx\/Portal\/wp-json\/wp\/v2\/types\/post"}],"author":[{"embeddable":true,"href":"https:\/\/rnoticias.com.mx\/Portal\/wp-json\/wp\/v2\/users\/2"}],"replies":[{"embeddable":true,"href":"https:\/\/rnoticias.com.mx\/Portal\/wp-json\/wp\/v2\/comments?post=225911"}],"version-history":[{"count":1,"href":"https:\/\/rnoticias.com.mx\/Portal\/wp-json\/wp\/v2\/posts\/225911\/revisions"}],"predecessor-version":[{"id":225913,"href":"https:\/\/rnoticias.com.mx\/Portal\/wp-json\/wp\/v2\/posts\/225911\/revisions\/225913"}],"wp:featuredmedia":[{"embeddable":true,"href":"https:\/\/rnoticias.com.mx\/Portal\/wp-json\/wp\/v2\/media\/225912"}],"wp:attachment":[{"href":"https:\/\/rnoticias.com.mx\/Portal\/wp-json\/wp\/v2\/media?parent=225911"}],"wp:term":[{"taxonomy":"category","embeddable":true,"href":"https:\/\/rnoticias.com.mx\/Portal\/wp-json\/wp\/v2\/categories?post=225911"},{"taxonomy":"post_tag","embeddable":true,"href":"https:\/\/rnoticias.com.mx\/Portal\/wp-json\/wp\/v2\/tags?post=225911"}],"curies":[{"name":"wp","href":"https:\/\/api.w.org\/{rel}","templated":true}]}}