{"id":225908,"date":"2025-08-06T20:40:42","date_gmt":"2025-08-07T03:40:42","guid":{"rendered":"https:\/\/rnoticias.com.mx\/Portal\/?p=225908"},"modified":"2025-08-06T20:40:42","modified_gmt":"2025-08-07T03:40:42","slug":"realizaran-feria-de-regreso-a-clases-profeco-2025-en-hermosillo","status":"publish","type":"post","link":"https:\/\/rnoticias.com.mx\/Portal\/2025\/08\/06\/realizaran-feria-de-regreso-a-clases-profeco-2025-en-hermosillo\/","title":{"rendered":"Realizar\u00e1n Feria de Regreso a Clases Profeco 2025 en Hermosillo"},"content":{"rendered":"<div data-olk-copy-source=\"MessageBody\">La Procuradur\u00eda Federal del Consumidor (Profeco) llevar\u00e1 a cabo la Feria de Regreso a Clases Profeco 2025 los d\u00edas 16 y 17 de agosto en el Expo Forum de Hermosillo, con un horario de 8:00 a 22:00 horas y entrada gratuita.<\/div>\n<div data-olk-copy-source=\"MessageBody\"><\/div>\n<div aria-hidden=\"true\"><\/div>\n<div>Ana Miriam Guizar Valenzuela, delegado en Sonora de Profeco, inform\u00f3 que ese evento es impulsado por la dependencia que dirige y se reunir\u00e1 a proveedores, c\u00e1maras empresariales y diversas instituciones p\u00fablicas, con el objetivo de apoyar a las familias sonorenses ante los gastos del ciclo escolar.<\/div>\n<div aria-hidden=\"true\"><\/div>\n<div><\/div>\n<div>\u201cVa a ser en el Expoforum, ser\u00e1 un lugar techado, va a ser la entrada libre, va a haber descuentos, ahorita que platiquen tambi\u00e9n nuestros proveedores,\u00a0pero va a haber lugares donde van a encontrar todo a 100 pesos.\u00a0Luego el 50%, y el 70%, y el 30%, entonces es realmente un apoyo a las familias sonorenses\u201d, afirm\u00f3.<\/div>\n<div>\n<\/div>\n<div>Tambi\u00e9n dijo, se contar\u00e1 con servicios gratuitos como cortes de cabello, ex\u00e1menes dentales, tr\u00e1mites de actas de nacimiento, orientaci\u00f3n sobre programas de Bienestar y entrega de arbolitos por parte de Conafor.<\/div>\n<div aria-hidden=\"true\"><\/div>\n<div aria-hidden=\"true\"><\/div>\n<div>Por \u00faltimo, la titular de Profeco en Sonora, mencion\u00f3 que la feria es resultado de la colaboraci\u00f3n entre Profeco, Canaco, Canacope, Comerciantes Unidos de Hermosillo y otras organizaciones, as\u00ed como instituciones como el Registro Civil, Congreso del Estado, Instituto de Cr\u00e9dito Educativo y el programa Salud Casa por Casa.<\/div>\n","protected":false},"excerpt":{"rendered":"<p>La Procuradur\u00eda Federal del Consumidor (Profeco) llevar\u00e1 a cabo la Feria de Regreso a Clases Profeco 2025 los d\u00edas 16 y 17 de agosto en el Expo Forum de Hermosillo, con un horario de 8:00 a 22:00 horas y entrada gratuita. Ana Miriam Guizar Valenzuela, delegado en Sonora de Profeco, inform\u00f3 que ese evento es [&hellip;]<\/p>\n","protected":false},"author":2,"featured_media":225909,"comment_status":"closed","ping_status":"closed","sticky":false,"template":"","format":"standard","meta":{"footnotes":""},"categories":[12870,178],"tags":[12865,12869],"class_list":["post-225908","post","type-post","status-publish","format-standard","has-post-thumbnail","hentry","category-destacadas","category-local","tag-destacadas","tag-local"],"jetpack_featured_media_url":"https:\/\/rnoticias.com.mx\/Portal\/wp-content\/uploads\/2025\/08\/WhatsApp-Image-2025-08-06-at-3.16.19-PM.jpeg","amp_enabled":true,"_links":{"self":[{"href":"https:\/\/rnoticias.com.mx\/Portal\/wp-json\/wp\/v2\/posts\/225908","targetHints":{"allow":["GET"]}}],"collection":[{"href":"https:\/\/rnoticias.com.mx\/Portal\/wp-json\/wp\/v2\/posts"}],"about":[{"href":"https:\/\/rnoticias.com.mx\/Portal\/wp-json\/wp\/v2\/types\/post"}],"author":[{"embeddable":true,"href":"https:\/\/rnoticias.com.mx\/Portal\/wp-json\/wp\/v2\/users\/2"}],"replies":[{"embeddable":true,"href":"https:\/\/rnoticias.com.mx\/Portal\/wp-json\/wp\/v2\/comments?post=225908"}],"version-history":[{"count":1,"href":"https:\/\/rnoticias.com.mx\/Portal\/wp-json\/wp\/v2\/posts\/225908\/revisions"}],"predecessor-version":[{"id":225910,"href":"https:\/\/rnoticias.com.mx\/Portal\/wp-json\/wp\/v2\/posts\/225908\/revisions\/225910"}],"wp:featuredmedia":[{"embeddable":true,"href":"https:\/\/rnoticias.com.mx\/Portal\/wp-json\/wp\/v2\/media\/225909"}],"wp:attachment":[{"href":"https:\/\/rnoticias.com.mx\/Portal\/wp-json\/wp\/v2\/media?parent=225908"}],"wp:term":[{"taxonomy":"category","embeddable":true,"href":"https:\/\/rnoticias.com.mx\/Portal\/wp-json\/wp\/v2\/categories?post=225908"},{"taxonomy":"post_tag","embeddable":true,"href":"https:\/\/rnoticias.com.mx\/Portal\/wp-json\/wp\/v2\/tags?post=225908"}],"curies":[{"name":"wp","href":"https:\/\/api.w.org\/{rel}","templated":true}]}}