{"id":225905,"date":"2025-08-06T20:35:50","date_gmt":"2025-08-07T03:35:50","guid":{"rendered":"https:\/\/rnoticias.com.mx\/Portal\/?p=225905"},"modified":"2025-08-06T20:35:50","modified_gmt":"2025-08-07T03:35:50","slug":"ventas-por-regreso-a-clases-inician-bajas-en-hermosillo-pero-confian-en-repunte","status":"publish","type":"post","link":"https:\/\/rnoticias.com.mx\/Portal\/2025\/08\/06\/ventas-por-regreso-a-clases-inician-bajas-en-hermosillo-pero-confian-en-repunte\/","title":{"rendered":"Ventas por regreso a clases inician bajas en Hermosillo, pero conf\u00edan en repunte"},"content":{"rendered":"<div data-olk-copy-source=\"MessageBody\">Las ventas relacionadas con el regreso a clases han sido m\u00e1s bajas de lo habitual a la fecha en la ciudad de Hermosillo, reconoci\u00f3 Iv\u00e1n Romero.<\/div>\n<div aria-hidden=\"true\"><\/div>\n<div aria-hidden=\"true\"><\/div>\n<div>El presidente de la asociaci\u00f3n Comerciantes Unidos, atribuy\u00f3 esta situaci\u00f3n al reciente ajuste en el calendario escolar, que recorri\u00f3 una semana el inicio del ciclo, lo cual ha retrasado las compras de uniformes, \u00fatiles escolares y calzado.<\/div>\n<div aria-hidden=\"true\"><\/div>\n<div><\/div>\n<div>\u201cS\u00ed, ahorita vamos m\u00e1s tranquilones que otros a\u00f1os, como te digo, por esa semana que se recorri\u00f3.\u00a0Pues la gente dice, ah, pues todav\u00eda hay chance no.<\/div>\n<div>Entre m\u00e1s se acerca la fecha todo el mundo comprando, igual en la expo que hac\u00edamos tambi\u00e9n, ojal\u00e1 que la gente aproveche los ahorros y se vengan a la expo,\u00a0y aprovechen porque nom\u00e1s van a ser dos d\u00edas\u201d, cont\u00f3.<\/div>\n<div aria-hidden=\"true\"><\/div>\n<div><\/div>\n<div>Afirm\u00f3, que los cerca de 60 comercios que forman parte de la asociaci\u00f3n que preside cuentan con todos los art\u00edculos necesarios para el regreso a clase, desde uniformes, zapatos, cuadernos y m\u00e1s a precios bastante atractivos para las familias.<\/div>\n<div aria-hidden=\"true\"><\/div>\n<div aria-hidden=\"true\"><\/div>\n<div>Finalmente, invit\u00f3 a la poblaci\u00f3n a participar en la edici\u00f3n 2025 de la Expo Regreso a Clases que organiza la Profeco los d\u00edas 16 y 17 de agosto en el Expoforum.<\/div>\n","protected":false},"excerpt":{"rendered":"<p>Las ventas relacionadas con el regreso a clases han sido m\u00e1s bajas de lo habitual a la fecha en la ciudad de Hermosillo, reconoci\u00f3 Iv\u00e1n Romero. El presidente de la asociaci\u00f3n Comerciantes Unidos, atribuy\u00f3 esta situaci\u00f3n al reciente ajuste en el calendario escolar, que recorri\u00f3 una semana el inicio del ciclo, lo cual ha retrasado [&hellip;]<\/p>\n","protected":false},"author":2,"featured_media":225906,"comment_status":"closed","ping_status":"closed","sticky":false,"template":"","format":"standard","meta":{"footnotes":""},"categories":[12870,178],"tags":[12865,12869],"class_list":["post-225905","post","type-post","status-publish","format-standard","has-post-thumbnail","hentry","category-destacadas","category-local","tag-destacadas","tag-local"],"jetpack_featured_media_url":"https:\/\/rnoticias.com.mx\/Portal\/wp-content\/uploads\/2025\/08\/bajan-ventas-de-utiles-escolares-en-hermosillo-540939.jpeg","amp_enabled":true,"_links":{"self":[{"href":"https:\/\/rnoticias.com.mx\/Portal\/wp-json\/wp\/v2\/posts\/225905","targetHints":{"allow":["GET"]}}],"collection":[{"href":"https:\/\/rnoticias.com.mx\/Portal\/wp-json\/wp\/v2\/posts"}],"about":[{"href":"https:\/\/rnoticias.com.mx\/Portal\/wp-json\/wp\/v2\/types\/post"}],"author":[{"embeddable":true,"href":"https:\/\/rnoticias.com.mx\/Portal\/wp-json\/wp\/v2\/users\/2"}],"replies":[{"embeddable":true,"href":"https:\/\/rnoticias.com.mx\/Portal\/wp-json\/wp\/v2\/comments?post=225905"}],"version-history":[{"count":1,"href":"https:\/\/rnoticias.com.mx\/Portal\/wp-json\/wp\/v2\/posts\/225905\/revisions"}],"predecessor-version":[{"id":225907,"href":"https:\/\/rnoticias.com.mx\/Portal\/wp-json\/wp\/v2\/posts\/225905\/revisions\/225907"}],"wp:featuredmedia":[{"embeddable":true,"href":"https:\/\/rnoticias.com.mx\/Portal\/wp-json\/wp\/v2\/media\/225906"}],"wp:attachment":[{"href":"https:\/\/rnoticias.com.mx\/Portal\/wp-json\/wp\/v2\/media?parent=225905"}],"wp:term":[{"taxonomy":"category","embeddable":true,"href":"https:\/\/rnoticias.com.mx\/Portal\/wp-json\/wp\/v2\/categories?post=225905"},{"taxonomy":"post_tag","embeddable":true,"href":"https:\/\/rnoticias.com.mx\/Portal\/wp-json\/wp\/v2\/tags?post=225905"}],"curies":[{"name":"wp","href":"https:\/\/api.w.org\/{rel}","templated":true}]}}