{"id":225902,"date":"2025-08-06T19:59:03","date_gmt":"2025-08-07T02:59:03","guid":{"rendered":"https:\/\/rnoticias.com.mx\/Portal\/?p=225902"},"modified":"2025-08-06T19:59:03","modified_gmt":"2025-08-07T02:59:03","slug":"muere-kelley-mack-actriz-de-the-walking-dead-a-los-33-anos","status":"publish","type":"post","link":"https:\/\/rnoticias.com.mx\/Portal\/2025\/08\/06\/muere-kelley-mack-actriz-de-the-walking-dead-a-los-33-anos\/","title":{"rendered":"Muere Kelley Mack, actriz de &#8216;The Walking Dead&#8217;, a los 33 a\u00f1os"},"content":{"rendered":"<p>La actriz\u00a0<strong>Kelley Mack<\/strong>, conocida por participar en la serie \u2018<strong>The Walking Dead<\/strong>\u2019, falleci\u00f3 a los 33 a\u00f1os, en su ciudad natal, Cincinnati.<\/p>\n<p>\u201cCon profunda tristeza anunciamos el\u00a0<strong>fallecimiento<\/strong>\u00a0de nuestra querida Kelley. Una luz tan brillante y ferviente se ha trasladado al m\u00e1s all\u00e1, adonde todos finalmente debemos ir\u201d, se lee en una publicaci\u00f3n en el\u00a0<strong>Instagram<\/strong>\u00a0de Kelley el martes junto a una foto de la actriz.<\/p>\n<p>Mack, cuyo verdadero nombre era Kelley Klebenow, muri\u00f3 pac\u00edficamente el 2 de agosto tras luchar contra un\u00a0<strong>glioma<\/strong>\u00a0del sistema nervioso central, seg\u00fan un comunicado publicado en la red social CaringBridge. Un glioma es un tipo de tumor que afecta el cerebro o la m\u00e9dula espinal.<\/p>\n<p>Al recibir la noticia, colegas, amigos y fans expresaron sus\u00a0<strong>condolencias<\/strong>\u00a0record\u00e1ndola como \u201ctalentosa\u201d y un \u201calma dulce\u201d. \u201c\u00a1Qu\u00e9 persona tan incre\u00edble! Estoy muy orgullosa de haber luchado junto a ella en nuestro \u00faltimo episodio juntas\u201d, escribi\u00f3 Alanna Masterson, quien tambi\u00e9n protagoniz\u00f3 \u2018The Walking Dead\u2019.<\/p>\n<p>Mack tuvo 35 cr\u00e9ditos como\u00a0<strong>actriz<\/strong>\u00a0y cinco como\u00a0<strong>productora<\/strong> a lo largo de su carrera, seg\u00fan el comunicado publicado en CaringBridge. Fue conocida por interpretar a Addy en la novena temporada de \u201cThe Walking Dead\u201d y a Pen\u00e9lope Jacobs en la octava temporada de \u201cChicago Med\u201d y en \u201c9-1-1\u201d de FOX.<\/p>\n<p>&nbsp;<\/p>\n<p>Fuente: CNN<\/p>\n","protected":false},"excerpt":{"rendered":"<p>La actriz\u00a0Kelley Mack, conocida por participar en la serie \u2018The Walking Dead\u2019, falleci\u00f3 a los 33 a\u00f1os, en su ciudad natal, Cincinnati. \u201cCon profunda tristeza anunciamos el\u00a0fallecimiento\u00a0de nuestra querida Kelley. Una luz tan brillante y ferviente se ha trasladado al m\u00e1s all\u00e1, adonde todos finalmente debemos ir\u201d, se lee en una publicaci\u00f3n en el\u00a0Instagram\u00a0de Kelley [&hellip;]<\/p>\n","protected":false},"author":2,"featured_media":225903,"comment_status":"closed","ping_status":"closed","sticky":false,"template":"","format":"standard","meta":{"footnotes":""},"categories":[12870,219],"tags":[12865,12875],"class_list":["post-225902","post","type-post","status-publish","format-standard","has-post-thumbnail","hentry","category-destacadas","category-espectaculos","tag-destacadas","tag-espectaculos"],"jetpack_featured_media_url":"https:\/\/rnoticias.com.mx\/Portal\/wp-content\/uploads\/2025\/08\/kelley-mack-750x400-1.jpg","amp_enabled":true,"_links":{"self":[{"href":"https:\/\/rnoticias.com.mx\/Portal\/wp-json\/wp\/v2\/posts\/225902","targetHints":{"allow":["GET"]}}],"collection":[{"href":"https:\/\/rnoticias.com.mx\/Portal\/wp-json\/wp\/v2\/posts"}],"about":[{"href":"https:\/\/rnoticias.com.mx\/Portal\/wp-json\/wp\/v2\/types\/post"}],"author":[{"embeddable":true,"href":"https:\/\/rnoticias.com.mx\/Portal\/wp-json\/wp\/v2\/users\/2"}],"replies":[{"embeddable":true,"href":"https:\/\/rnoticias.com.mx\/Portal\/wp-json\/wp\/v2\/comments?post=225902"}],"version-history":[{"count":1,"href":"https:\/\/rnoticias.com.mx\/Portal\/wp-json\/wp\/v2\/posts\/225902\/revisions"}],"predecessor-version":[{"id":225904,"href":"https:\/\/rnoticias.com.mx\/Portal\/wp-json\/wp\/v2\/posts\/225902\/revisions\/225904"}],"wp:featuredmedia":[{"embeddable":true,"href":"https:\/\/rnoticias.com.mx\/Portal\/wp-json\/wp\/v2\/media\/225903"}],"wp:attachment":[{"href":"https:\/\/rnoticias.com.mx\/Portal\/wp-json\/wp\/v2\/media?parent=225902"}],"wp:term":[{"taxonomy":"category","embeddable":true,"href":"https:\/\/rnoticias.com.mx\/Portal\/wp-json\/wp\/v2\/categories?post=225902"},{"taxonomy":"post_tag","embeddable":true,"href":"https:\/\/rnoticias.com.mx\/Portal\/wp-json\/wp\/v2\/tags?post=225902"}],"curies":[{"name":"wp","href":"https:\/\/api.w.org\/{rel}","templated":true}]}}