{"id":225899,"date":"2025-08-06T19:55:13","date_gmt":"2025-08-07T02:55:13","guid":{"rendered":"https:\/\/rnoticias.com.mx\/Portal\/?p=225899"},"modified":"2025-08-06T19:55:13","modified_gmt":"2025-08-07T02:55:13","slug":"andres-guardado-confirma-su-retiro-del-futbol-profesional","status":"publish","type":"post","link":"https:\/\/rnoticias.com.mx\/Portal\/2025\/08\/06\/andres-guardado-confirma-su-retiro-del-futbol-profesional\/","title":{"rendered":"Andr\u00e9s Guardado confirma su retiro del f\u00fatbol profesional"},"content":{"rendered":"<p><strong><a href=\"https:\/\/www.clarosports.com\/futbol\/liga-mx\/andres-guardado-se-retira-del-futbol-profesional\/\" target=\"_blank\" rel=\"noreferrer noopener\">Andr\u00e9s Guardado ha confirmado una vez m\u00e1s su adi\u00f3s del f\u00fatbol profesional.<\/a><\/strong>\u00a0Durante una entrevista en el canal de YouTube\u00a0<em>Por mis pelotas<\/em>, el mediocampista mexicano dej\u00f3 claro que su carrera lleg\u00f3 a su fin despu\u00e9s de 20 a\u00f1os de actividad:\u00a0<strong>\u201cS\u00ed, estoy retirado\u201d,<\/strong>\u00a0dijo el \u2018Principito\u2019 en el adelanto de la charla.<\/p>\n<p><strong>Guardado debut\u00f3 el 20 de agosto de 2005, cuando Daniel Guzm\u00e1n lo aline\u00f3 en la victoria del Atlas 3-2 frente a Pachuca en el Apertura 2005.<\/strong>\u00a0Su rendimiento le permiti\u00f3 ser convocado por Ricardo Antonio La Volpe para la selecci\u00f3n mexicana que particip\u00f3 en la Copa del Mundo de Alemania 2006, teniendo minutos contra Argentina en octavos de final (2-1).<\/p>\n<div class=\"code-block code-block-1\">\n<div id=\"clarosports_notas_multibanner_1\" align=\"center\" data-freestar-ad=\"__300x600 __300x600\"><\/div>\n<\/div>\n<p>Tras la justa mundialista regres\u00f3 al Atlas, antes de dar el salto hacia Europa, donde acumul\u00f3\u00a0<strong>542 partidos<\/strong>\u00a0con D<strong>eportivo La Coru\u00f1a, Valencia, Bayer Leverkusen, PSV y Real Betis.\u00a0<\/strong>En su paso por el PSV consigui\u00f3 dos t\u00edtulos de\u00a0<strong>Eredivisie<\/strong>\u00a0(2015 y 2016) y dos\u00a0<strong>Supercopas de Pa\u00edses Bajos<\/strong>\u00a0(2015 y 2016).\u00a0<strong><a href=\"https:\/\/www.clarosports.com\/futbol\/liga-mx\/andres-guardado-se-retira-del-futbol-profesional\/\" target=\"_blank\" rel=\"noreferrer noopener\">Con el Betis gan\u00f3 la Copa del Rey en 2022.<\/a><\/strong>\u00a0En ambos equipos ejerci\u00f3 la capitan\u00eda.<\/p>\n<p>Con el Tricolor, Guardado particip\u00f3 en\u00a0<strong>cinco Copas del Mundo: Alemania 2006, Sud\u00e1frica 2010, Brasil 2014, Rusia 2018 y Qatar 2022,<\/strong> desempe\u00f1\u00e1ndose como capit\u00e1n en las dos \u00faltimas ediciones.<\/p>\n<p>Despu\u00e9s de su etapa por el \u2018Viejo Continente\u2019,\u00a0<strong>el tapat\u00edo regres\u00f3 al f\u00fatbol mexicano en 2024. Aunque su intenci\u00f3n inicial era volver al Atlas, firm\u00f3 con Le\u00f3n para el Clausura 2024.<\/strong>\u00a0Un a\u00f1o m\u00e1s tarde disput\u00f3 su \u00faltimo campeonato, el Clausura 2025, donde jug\u00f3 14 encuentros y\u00a0<strong>marc\u00f3 un gol ante Puebla en la jornada 15.<\/strong>\u00a0Su \u00faltimo partido fue el pasado 11 mayo, en\u00a0<strong><a href=\"https:\/\/www.clarosports.com\/futbol\/liga-mx\/cruz-azul-se-cita-con-el-america-en-las-semifinales-despues-de-repetirle-la-dosis-al-leon\/\" target=\"_blank\" rel=\"noreferrer noopener\">el duelo de vuelta de los cuartos de final contra Cruz Azul, jugando 60 minutos.<\/a><\/strong><\/p>\n<p>Cabe recordar que\u00a0<strong>Guardado hab\u00eda anunciado su retiro en noviembre de 2024; sin embargo decidi\u00f3 volver a jugar a principios de 2025,\u00a0<\/strong>convencido por el proyecto de un Le\u00f3n que incorpor\u00f3 a sus filas a James Rodr\u00edguez y cuyo objetivo era el Mundial de Clubes, torneo del que\u00a0<strong><a href=\"https:\/\/www.clarosports.com\/futbol\/mundial-de-clubes\/por-que-sacaron-al-leon-del-mundial-de-clubes-2025\/\" target=\"_blank\" rel=\"noreferrer noopener\">los esmeraldas fueron excluidos meses m\u00e1s tarde por incumplir los criterios de propiedad.<\/a><\/strong>\u00a0Con el\u00a0<strong>Le\u00f3n, Andr\u00e9s Guardado jug\u00f3 38 partidos, anotando dos goles y colaborando con una asistencia.<\/strong><\/p>\n","protected":false},"excerpt":{"rendered":"<p>Andr\u00e9s Guardado ha confirmado una vez m\u00e1s su adi\u00f3s del f\u00fatbol profesional.\u00a0Durante una entrevista en el canal de YouTube\u00a0Por mis pelotas, el mediocampista mexicano dej\u00f3 claro que su carrera lleg\u00f3 a su fin despu\u00e9s de 20 a\u00f1os de actividad:\u00a0\u201cS\u00ed, estoy retirado\u201d,\u00a0dijo el \u2018Principito\u2019 en el adelanto de la charla. Guardado debut\u00f3 el 20 de agosto [&hellip;]<\/p>\n","protected":false},"author":2,"featured_media":225900,"comment_status":"closed","ping_status":"closed","sticky":false,"template":"","format":"standard","meta":{"footnotes":""},"categories":[188,12870],"tags":[5231,12865],"class_list":["post-225899","post","type-post","status-publish","format-standard","has-post-thumbnail","hentry","category-deportes","category-destacadas","tag-deportes","tag-destacadas"],"jetpack_featured_media_url":"https:\/\/rnoticias.com.mx\/Portal\/wp-content\/uploads\/2025\/08\/232.jpg","amp_enabled":true,"_links":{"self":[{"href":"https:\/\/rnoticias.com.mx\/Portal\/wp-json\/wp\/v2\/posts\/225899","targetHints":{"allow":["GET"]}}],"collection":[{"href":"https:\/\/rnoticias.com.mx\/Portal\/wp-json\/wp\/v2\/posts"}],"about":[{"href":"https:\/\/rnoticias.com.mx\/Portal\/wp-json\/wp\/v2\/types\/post"}],"author":[{"embeddable":true,"href":"https:\/\/rnoticias.com.mx\/Portal\/wp-json\/wp\/v2\/users\/2"}],"replies":[{"embeddable":true,"href":"https:\/\/rnoticias.com.mx\/Portal\/wp-json\/wp\/v2\/comments?post=225899"}],"version-history":[{"count":1,"href":"https:\/\/rnoticias.com.mx\/Portal\/wp-json\/wp\/v2\/posts\/225899\/revisions"}],"predecessor-version":[{"id":225901,"href":"https:\/\/rnoticias.com.mx\/Portal\/wp-json\/wp\/v2\/posts\/225899\/revisions\/225901"}],"wp:featuredmedia":[{"embeddable":true,"href":"https:\/\/rnoticias.com.mx\/Portal\/wp-json\/wp\/v2\/media\/225900"}],"wp:attachment":[{"href":"https:\/\/rnoticias.com.mx\/Portal\/wp-json\/wp\/v2\/media?parent=225899"}],"wp:term":[{"taxonomy":"category","embeddable":true,"href":"https:\/\/rnoticias.com.mx\/Portal\/wp-json\/wp\/v2\/categories?post=225899"},{"taxonomy":"post_tag","embeddable":true,"href":"https:\/\/rnoticias.com.mx\/Portal\/wp-json\/wp\/v2\/tags?post=225899"}],"curies":[{"name":"wp","href":"https:\/\/api.w.org\/{rel}","templated":true}]}}