{"id":225896,"date":"2025-08-06T19:51:19","date_gmt":"2025-08-07T02:51:19","guid":{"rendered":"https:\/\/rnoticias.com.mx\/Portal\/?p=225896"},"modified":"2025-08-06T19:51:19","modified_gmt":"2025-08-07T02:51:19","slug":"gobierno-de-sonora-promueve-la-campana-mochila-llena-educando-conamor-conalep","status":"publish","type":"post","link":"https:\/\/rnoticias.com.mx\/Portal\/2025\/08\/06\/gobierno-de-sonora-promueve-la-campana-mochila-llena-educando-conamor-conalep\/","title":{"rendered":"Gobierno de Sonora promueve la campa\u00f1a \u201cMochila Llena: Educando CONAmor\u201d: Conalep"},"content":{"rendered":"<p>Hermosillo, Sonora; 6 de agosto de 2025.- Con la finalidad de fomentar la generosidad y el altruismo en beneficio de sus alumnos, el Gobierno de Sonora, a trav\u00e9s del Colegio de Educaci\u00f3n Profesional T\u00e9cnica del Estado de Sonora (Conalep) invita a participar en el programa \u201cMochila Llena: Educando\u00a0CONAmor&#8221;.<\/p>\n<p>&nbsp;<\/p>\n<p>Entre los art\u00edculos solicitados se encuentran: cuadernos, plumas, l\u00e1pices, marcadores, mochilas, calculadoras cient\u00edficas, carpetas, paquetes de hojas blancas, entre otros materiales escolares.<\/p>\n<p>La directora general de Conalep Sonora, Luisa Cristina Rodr\u00edguez Ibarra, inform\u00f3 que, como parte del compromiso de garantizar que los estudiantes tengan acceso a los recursos necesarios para su educaci\u00f3n y desarrollo acad\u00e9mico, los 14 planteles del subsistema y su extensi\u00f3n Cananea llevar\u00e1n a cabo la recolecci\u00f3n de donativos que inici\u00f3 el 4 de agosto y finalizar\u00e1 el viernes 22.<\/p>\n<p>\u201cPara Conalep es de suma importancia identificar necesidades dentro de la comunidad educativa y, a partir de ello, poner en marcha un plan de acci\u00f3n que permita brindar herramientas para un mejor desarrollo en el aprendizaje\u201d, a\u00f1adi\u00f3.<\/p>\n<p>La funcionaria estatal hizo una invitaci\u00f3n a toda la comunidad educativa, sociedad en general, empresas, papeler\u00edas, asociaciones locales, comit\u00e9s de vinculaci\u00f3n, personal administrativo y docentes de los planteles, a sumarse a esta noble causa y contribuir con la educaci\u00f3n y el bienestar de los j\u00f3venes que enfrentan dificultades.<\/p>\n<p>Asimismo, a trav\u00e9s de estas actividades, el Gobierno de Sonora fortalece el impacto que tiene la educaci\u00f3n como un motor de transformaci\u00f3n social. Los puntos de acopio estar\u00e1n ubicados en los diferentes planteles del estado y en la Direcci\u00f3n General de Conalep Sonora, situada en calle Matamoros #105, esquina con Jalisco, en la colonia Centro.<\/p>\n","protected":false},"excerpt":{"rendered":"<p>Hermosillo, Sonora; 6 de agosto de 2025.- Con la finalidad de fomentar la generosidad y el altruismo en beneficio de sus alumnos, el Gobierno de Sonora, a trav\u00e9s del Colegio de Educaci\u00f3n Profesional T\u00e9cnica del Estado de Sonora (Conalep) invita a participar en el programa \u201cMochila Llena: Educando\u00a0CONAmor&#8221;. &nbsp; Entre los art\u00edculos solicitados se encuentran: [&hellip;]<\/p>\n","protected":false},"author":2,"featured_media":225897,"comment_status":"closed","ping_status":"closed","sticky":false,"template":"","format":"standard","meta":{"footnotes":""},"categories":[12870,178],"tags":[12865,12869],"class_list":["post-225896","post","type-post","status-publish","format-standard","has-post-thumbnail","hentry","category-destacadas","category-local","tag-destacadas","tag-local"],"jetpack_featured_media_url":"https:\/\/rnoticias.com.mx\/Portal\/wp-content\/uploads\/2025\/08\/unnamed-1-6.jpg","amp_enabled":true,"_links":{"self":[{"href":"https:\/\/rnoticias.com.mx\/Portal\/wp-json\/wp\/v2\/posts\/225896","targetHints":{"allow":["GET"]}}],"collection":[{"href":"https:\/\/rnoticias.com.mx\/Portal\/wp-json\/wp\/v2\/posts"}],"about":[{"href":"https:\/\/rnoticias.com.mx\/Portal\/wp-json\/wp\/v2\/types\/post"}],"author":[{"embeddable":true,"href":"https:\/\/rnoticias.com.mx\/Portal\/wp-json\/wp\/v2\/users\/2"}],"replies":[{"embeddable":true,"href":"https:\/\/rnoticias.com.mx\/Portal\/wp-json\/wp\/v2\/comments?post=225896"}],"version-history":[{"count":1,"href":"https:\/\/rnoticias.com.mx\/Portal\/wp-json\/wp\/v2\/posts\/225896\/revisions"}],"predecessor-version":[{"id":225898,"href":"https:\/\/rnoticias.com.mx\/Portal\/wp-json\/wp\/v2\/posts\/225896\/revisions\/225898"}],"wp:featuredmedia":[{"embeddable":true,"href":"https:\/\/rnoticias.com.mx\/Portal\/wp-json\/wp\/v2\/media\/225897"}],"wp:attachment":[{"href":"https:\/\/rnoticias.com.mx\/Portal\/wp-json\/wp\/v2\/media?parent=225896"}],"wp:term":[{"taxonomy":"category","embeddable":true,"href":"https:\/\/rnoticias.com.mx\/Portal\/wp-json\/wp\/v2\/categories?post=225896"},{"taxonomy":"post_tag","embeddable":true,"href":"https:\/\/rnoticias.com.mx\/Portal\/wp-json\/wp\/v2\/tags?post=225896"}],"curies":[{"name":"wp","href":"https:\/\/api.w.org\/{rel}","templated":true}]}}