{"id":225893,"date":"2025-08-06T19:50:24","date_gmt":"2025-08-07T02:50:24","guid":{"rendered":"https:\/\/rnoticias.com.mx\/Portal\/?p=225893"},"modified":"2025-08-06T19:50:24","modified_gmt":"2025-08-07T02:50:24","slug":"fortalece-gobierno-de-sonora-formacion-profesional-de-estudiantes-en-empresas-internacionales-unisierra","status":"publish","type":"post","link":"https:\/\/rnoticias.com.mx\/Portal\/2025\/08\/06\/fortalece-gobierno-de-sonora-formacion-profesional-de-estudiantes-en-empresas-internacionales-unisierra\/","title":{"rendered":"Fortalece Gobierno de Sonora formaci\u00f3n profesional de estudiantes en empresas internacionales: Unisierra"},"content":{"rendered":"<p>Moctezuma, Sonora; 6 de agosto de 2025.- Como parte de los esfuerzos del Gobierno de Sonora para fortalecer la educaci\u00f3n superior con una visi\u00f3n internacionalista, la Universidad de la Sierra (Unisierra) formaliz\u00f3 una alianza estrat\u00e9gica con Sequoia Company, firma industrial estadounidense con sede en California y presencia operativa en Kansas, Texas y Nevada.<\/p>\n<p>En un encuentro realizado recientemente, el rector de\u00a0Unisierra, Juan Carlos Avil\u00e9s Miranda, sostuvo conversaciones con Jos\u00e9 Preciado Arredondo, vicepresidente de Sequoia Company, con el prop\u00f3sito de establecer programas que beneficien directamente a la comunidad estudiantil, especialmente en el \u00e1rea de ingenier\u00eda.<\/p>\n<p>Entre los principales acuerdos se contempla que estudiantes participen en estad\u00edas profesionales, programas de verano en investigaci\u00f3n y accedan a oportunidades laborales en Estados Unidos con visa de trabajo especializada para egresados.<\/p>\n<p>\u201cLa intenci\u00f3n es conectar el conocimiento acad\u00e9mico con las realidades del sector productivo en Estados Unidos, brindando a nuestros j\u00f3venes herramientas concretas para su desarrollo profesional\u201d, expres\u00f3 el rector Avil\u00e9s Miranda durante la reuni\u00f3n.<\/p>\n<p>Esta alianza representa un impulso para el crecimiento acad\u00e9mico de\u00a0Unisierra\u00a0y un compromiso firme con la formaci\u00f3n integral de sus estudiantes. A trav\u00e9s de esta colaboraci\u00f3n, la universidad busca consolidarse como una instituci\u00f3n capaz de conectar el talento local con oportunidades globales en innovaci\u00f3n, tecnolog\u00eda y producci\u00f3n industrial.<\/p>\n<p>Con la implementaci\u00f3n de este convenio,\u00a0Unisierra\u00a0reafirma su apuesta por una educaci\u00f3n de calidad, enfocada en la movilidad internacional y la preparaci\u00f3n competitiva de sus egresados para el mundo laboral del siglo XXI.<\/p>\n","protected":false},"excerpt":{"rendered":"<p>Moctezuma, Sonora; 6 de agosto de 2025.- Como parte de los esfuerzos del Gobierno de Sonora para fortalecer la educaci\u00f3n superior con una visi\u00f3n internacionalista, la Universidad de la Sierra (Unisierra) formaliz\u00f3 una alianza estrat\u00e9gica con Sequoia Company, firma industrial estadounidense con sede en California y presencia operativa en Kansas, Texas y Nevada. En un [&hellip;]<\/p>\n","protected":false},"author":2,"featured_media":225894,"comment_status":"closed","ping_status":"closed","sticky":false,"template":"","format":"standard","meta":{"footnotes":""},"categories":[12870,174],"tags":[12865,12873],"class_list":["post-225893","post","type-post","status-publish","format-standard","has-post-thumbnail","hentry","category-destacadas","category-estatal","tag-destacadas","tag-estatal"],"jetpack_featured_media_url":"https:\/\/rnoticias.com.mx\/Portal\/wp-content\/uploads\/2025\/08\/87.jpg","amp_enabled":true,"_links":{"self":[{"href":"https:\/\/rnoticias.com.mx\/Portal\/wp-json\/wp\/v2\/posts\/225893","targetHints":{"allow":["GET"]}}],"collection":[{"href":"https:\/\/rnoticias.com.mx\/Portal\/wp-json\/wp\/v2\/posts"}],"about":[{"href":"https:\/\/rnoticias.com.mx\/Portal\/wp-json\/wp\/v2\/types\/post"}],"author":[{"embeddable":true,"href":"https:\/\/rnoticias.com.mx\/Portal\/wp-json\/wp\/v2\/users\/2"}],"replies":[{"embeddable":true,"href":"https:\/\/rnoticias.com.mx\/Portal\/wp-json\/wp\/v2\/comments?post=225893"}],"version-history":[{"count":1,"href":"https:\/\/rnoticias.com.mx\/Portal\/wp-json\/wp\/v2\/posts\/225893\/revisions"}],"predecessor-version":[{"id":225895,"href":"https:\/\/rnoticias.com.mx\/Portal\/wp-json\/wp\/v2\/posts\/225893\/revisions\/225895"}],"wp:featuredmedia":[{"embeddable":true,"href":"https:\/\/rnoticias.com.mx\/Portal\/wp-json\/wp\/v2\/media\/225894"}],"wp:attachment":[{"href":"https:\/\/rnoticias.com.mx\/Portal\/wp-json\/wp\/v2\/media?parent=225893"}],"wp:term":[{"taxonomy":"category","embeddable":true,"href":"https:\/\/rnoticias.com.mx\/Portal\/wp-json\/wp\/v2\/categories?post=225893"},{"taxonomy":"post_tag","embeddable":true,"href":"https:\/\/rnoticias.com.mx\/Portal\/wp-json\/wp\/v2\/tags?post=225893"}],"curies":[{"name":"wp","href":"https:\/\/api.w.org\/{rel}","templated":true}]}}