{"id":225887,"date":"2025-08-06T19:47:32","date_gmt":"2025-08-07T02:47:32","guid":{"rendered":"https:\/\/rnoticias.com.mx\/Portal\/?p=225887"},"modified":"2025-08-06T19:47:32","modified_gmt":"2025-08-07T02:47:32","slug":"detienen-a-tres-personas-durante-operativo-del-gobierno-de-sonora-y-semar-en-etchojoa","status":"publish","type":"post","link":"https:\/\/rnoticias.com.mx\/Portal\/2025\/08\/06\/detienen-a-tres-personas-durante-operativo-del-gobierno-de-sonora-y-semar-en-etchojoa\/","title":{"rendered":"Detienen a tres personas durante operativo del Gobierno de Sonora y SEMAR en Etchojoa"},"content":{"rendered":"<p>Etchojoa, Sonora; 6 de agosto de 2025.- En operativo coordinado de seguridad y prevenci\u00f3n del delito en Etchojoa, el Gobierno de Sonora, a trav\u00e9s de la Secretar\u00eda de Seguridad P\u00fablica (SSP) y la Secretar\u00eda de Marina (SEMAR), detuvo a tres personas por posesi\u00f3n de narc\u00f3tico.<\/p>\n<p>Durante trabajo operativo en la colonia Santines, oficiales de la Polic\u00eda Estatal de Seguridad P\u00fablica (PESP) y SEMAR realizaron la detenci\u00f3n de Carlos \u201cN\u201d, Ernesto \u201cN\u201d y Juan \u201cN\u201d, de 21, 37 y 24 a\u00f1os de edad, respectivamente.<\/p>\n<p>En el operativo conjunto se aseguraron 15 envoltorios con hierba verde, por lo que se procedi\u00f3 a la detenci\u00f3n de las personas, quienes fueron informadas sobre sus derechos y puestas a disposici\u00f3n del Ministerio P\u00fablico correspondiente.<\/p>\n<p>Comprometida con las acciones de prevenci\u00f3n y combate al delito, la Polic\u00eda Estatal mantiene presencia en los municipios del sur de Sonora y reitera el llamado a la ciudadan\u00eda para reportar cualquier delito a la l\u00ednea de denuncia an\u00f3nima 089.<\/p>\n<p>Nota: Se informa que las personas detenidas se presumen inocentes y ser\u00e1n tratadas como tales en todas las etapas del procedimiento, mientras no se declare su responsabilidad mediante sentencia emitida por el \u00f3rgano jurisdiccional correspondiente, conforme al art\u00edculo 13 del C\u00f3digo Nacional de Procedimientos Penales.<\/p>\n","protected":false},"excerpt":{"rendered":"<p>Etchojoa, Sonora; 6 de agosto de 2025.- En operativo coordinado de seguridad y prevenci\u00f3n del delito en Etchojoa, el Gobierno de Sonora, a trav\u00e9s de la Secretar\u00eda de Seguridad P\u00fablica (SSP) y la Secretar\u00eda de Marina (SEMAR), detuvo a tres personas por posesi\u00f3n de narc\u00f3tico. Durante trabajo operativo en la colonia Santines, oficiales de la [&hellip;]<\/p>\n","protected":false},"author":2,"featured_media":225888,"comment_status":"closed","ping_status":"closed","sticky":false,"template":"","format":"standard","meta":{"footnotes":""},"categories":[12870,174],"tags":[12865,12873],"class_list":["post-225887","post","type-post","status-publish","format-standard","has-post-thumbnail","hentry","category-destacadas","category-estatal","tag-destacadas","tag-estatal"],"jetpack_featured_media_url":"https:\/\/rnoticias.com.mx\/Portal\/wp-content\/uploads\/2025\/08\/989.jpg","amp_enabled":true,"_links":{"self":[{"href":"https:\/\/rnoticias.com.mx\/Portal\/wp-json\/wp\/v2\/posts\/225887","targetHints":{"allow":["GET"]}}],"collection":[{"href":"https:\/\/rnoticias.com.mx\/Portal\/wp-json\/wp\/v2\/posts"}],"about":[{"href":"https:\/\/rnoticias.com.mx\/Portal\/wp-json\/wp\/v2\/types\/post"}],"author":[{"embeddable":true,"href":"https:\/\/rnoticias.com.mx\/Portal\/wp-json\/wp\/v2\/users\/2"}],"replies":[{"embeddable":true,"href":"https:\/\/rnoticias.com.mx\/Portal\/wp-json\/wp\/v2\/comments?post=225887"}],"version-history":[{"count":1,"href":"https:\/\/rnoticias.com.mx\/Portal\/wp-json\/wp\/v2\/posts\/225887\/revisions"}],"predecessor-version":[{"id":225889,"href":"https:\/\/rnoticias.com.mx\/Portal\/wp-json\/wp\/v2\/posts\/225887\/revisions\/225889"}],"wp:featuredmedia":[{"embeddable":true,"href":"https:\/\/rnoticias.com.mx\/Portal\/wp-json\/wp\/v2\/media\/225888"}],"wp:attachment":[{"href":"https:\/\/rnoticias.com.mx\/Portal\/wp-json\/wp\/v2\/media?parent=225887"}],"wp:term":[{"taxonomy":"category","embeddable":true,"href":"https:\/\/rnoticias.com.mx\/Portal\/wp-json\/wp\/v2\/categories?post=225887"},{"taxonomy":"post_tag","embeddable":true,"href":"https:\/\/rnoticias.com.mx\/Portal\/wp-json\/wp\/v2\/tags?post=225887"}],"curies":[{"name":"wp","href":"https:\/\/api.w.org\/{rel}","templated":true}]}}