{"id":225875,"date":"2025-08-06T19:43:19","date_gmt":"2025-08-07T02:43:19","guid":{"rendered":"https:\/\/rnoticias.com.mx\/Portal\/?p=225875"},"modified":"2025-08-06T19:43:19","modified_gmt":"2025-08-07T02:43:19","slug":"gobierno-de-sonora-promueve-tradicion-y-cultura-con-amplia-cartelera-turistica-en-el-mes-de-agosto","status":"publish","type":"post","link":"https:\/\/rnoticias.com.mx\/Portal\/2025\/08\/06\/gobierno-de-sonora-promueve-tradicion-y-cultura-con-amplia-cartelera-turistica-en-el-mes-de-agosto\/","title":{"rendered":"Gobierno de Sonora promueve tradici\u00f3n y cultura con amplia cartelera tur\u00edstica en el mes de agosto"},"content":{"rendered":"<p>Hermosillo, Sonora; 6 de agosto de 2025.- Con el objetivo de continuar posicionando a la entidad como una fuerte potencia tur\u00edstica, el Gobierno de Sonora, a trav\u00e9s de la Secretar\u00eda de Econom\u00eda y Turismo (SETUR), promueve m\u00e1s de 15 eventos durante el mes de agosto, esperando una importante derrama econ\u00f3mica.<\/p>\n<p>Bajo el liderazgo del gobernador Alfonso Durazo, se trabaja para llevar el turismo a zonas de sierra, desierto y playa, con el prop\u00f3sito de reactivar diversos sectores econ\u00f3micos como hoteler\u00eda, gastronom\u00eda, transporte, comercio y servicios tur\u00edsticos, manteniendo a Sonora en el mapa tur\u00edstico a nivel nacional e internacional.<\/p>\n<p>El secretario de Econom\u00eda y Turismo del estado, Roberto Gradillas Pineda, detall\u00f3 que el impacto de la diversidad tur\u00edstica que ofrece Sonora es cada vez m\u00e1s relevante; por ello, en esta ocasi\u00f3n municipios como Fronteras, Hu\u00e1sabas, Hu\u00e9pac, Bacerac, Naco, N\u00e1cori Chico, Nogales y Ciudad Obreg\u00f3n ser\u00e1n protagonistas.<\/p>\n<p>\u201cEsta cartelera de eventos forma parte de las estrategias que ha venido llevando a cabo nuestro gobernador Alfonso Durazo, para impulsar la cultura, la historia y la tradici\u00f3n que representan a nuestro estado a trav\u00e9s de sus municipios\u201d, indic\u00f3.<\/p>\n<p>La promoci\u00f3n tur\u00edstica ha tomado un fuerte impulso desde el inicio de la actual administraci\u00f3n, permitiendo una mayor estabilidad econ\u00f3mica para las familias sonorenses. Por ello, el Gobierno de Sonora, a trav\u00e9s de SETUR, continuar\u00e1 impulsando, apoyando y promoviendo la oferta tur\u00edstica de los 72 municipios.<\/p>\n","protected":false},"excerpt":{"rendered":"<p>Hermosillo, Sonora; 6 de agosto de 2025.- Con el objetivo de continuar posicionando a la entidad como una fuerte potencia tur\u00edstica, el Gobierno de Sonora, a trav\u00e9s de la Secretar\u00eda de Econom\u00eda y Turismo (SETUR), promueve m\u00e1s de 15 eventos durante el mes de agosto, esperando una importante derrama econ\u00f3mica. Bajo el liderazgo del gobernador [&hellip;]<\/p>\n","protected":false},"author":2,"featured_media":225876,"comment_status":"closed","ping_status":"closed","sticky":false,"template":"","format":"standard","meta":{"footnotes":""},"categories":[12870,178],"tags":[12865,12869],"class_list":["post-225875","post","type-post","status-publish","format-standard","has-post-thumbnail","hentry","category-destacadas","category-local","tag-destacadas","tag-local"],"jetpack_featured_media_url":"https:\/\/rnoticias.com.mx\/Portal\/wp-content\/uploads\/2025\/08\/455.jpg","amp_enabled":true,"_links":{"self":[{"href":"https:\/\/rnoticias.com.mx\/Portal\/wp-json\/wp\/v2\/posts\/225875","targetHints":{"allow":["GET"]}}],"collection":[{"href":"https:\/\/rnoticias.com.mx\/Portal\/wp-json\/wp\/v2\/posts"}],"about":[{"href":"https:\/\/rnoticias.com.mx\/Portal\/wp-json\/wp\/v2\/types\/post"}],"author":[{"embeddable":true,"href":"https:\/\/rnoticias.com.mx\/Portal\/wp-json\/wp\/v2\/users\/2"}],"replies":[{"embeddable":true,"href":"https:\/\/rnoticias.com.mx\/Portal\/wp-json\/wp\/v2\/comments?post=225875"}],"version-history":[{"count":1,"href":"https:\/\/rnoticias.com.mx\/Portal\/wp-json\/wp\/v2\/posts\/225875\/revisions"}],"predecessor-version":[{"id":225877,"href":"https:\/\/rnoticias.com.mx\/Portal\/wp-json\/wp\/v2\/posts\/225875\/revisions\/225877"}],"wp:featuredmedia":[{"embeddable":true,"href":"https:\/\/rnoticias.com.mx\/Portal\/wp-json\/wp\/v2\/media\/225876"}],"wp:attachment":[{"href":"https:\/\/rnoticias.com.mx\/Portal\/wp-json\/wp\/v2\/media?parent=225875"}],"wp:term":[{"taxonomy":"category","embeddable":true,"href":"https:\/\/rnoticias.com.mx\/Portal\/wp-json\/wp\/v2\/categories?post=225875"},{"taxonomy":"post_tag","embeddable":true,"href":"https:\/\/rnoticias.com.mx\/Portal\/wp-json\/wp\/v2\/tags?post=225875"}],"curies":[{"name":"wp","href":"https:\/\/api.w.org\/{rel}","templated":true}]}}