{"id":225854,"date":"2025-08-06T17:06:03","date_gmt":"2025-08-07T00:06:03","guid":{"rendered":"https:\/\/rnoticias.com.mx\/Portal\/?p=225854"},"modified":"2025-08-06T17:06:03","modified_gmt":"2025-08-07T00:06:03","slug":"realiza-ayuntamiento-de-hermosillo-jornada-intensa-de-bacheo-en-19-colonias","status":"publish","type":"post","link":"https:\/\/rnoticias.com.mx\/Portal\/2025\/08\/06\/realiza-ayuntamiento-de-hermosillo-jornada-intensa-de-bacheo-en-19-colonias\/","title":{"rendered":"Realiza Ayuntamiento de Hermosillo jornada intensa de bacheo en 19 colonias"},"content":{"rendered":"<p>Hermosillo, Sonora; 06 de agosto de 2025.- Como parte del compromiso del presidente municipal Antonio Astiazar\u00e1n Guti\u00e9rrez, de brindar a hermosillenses mejores vialidades, el programa \u201cViernes en tu colonia\u201d ha bacheado cerca de 16 mil metros cuadrados en distintos sectores de la ciudad durante el primer semestre del a\u00f1o.<\/p>\n<p>Astart\u00e9 Corro Ruiz, directora general de Desarrollo de Infraestructura (DGDI), inform\u00f3 que se han realizado 19 jornadas en colonias como Mirasoles, El Mariachi, Urbi Villa del Cedro, Cuauht\u00e9moc, Puerta Real, Palo Verde y San Benito, entre otras, donde cuadrillas especializadas se encargan de atender las necesidades m\u00e1s urgentes en materia de vialidad.<\/p>\n<p>\u201cEl pr\u00f3ximo viernes 8 de agosto estaremos nuevamente en otro sector de la colonia Cuauht\u00e9moc; en cada jornada participan de seis a 13 cuadrillas, quienes realizan las reparaciones con equipo especializado\u201d, detall\u00f3.<\/p>\n<p>Con el programa &#8220;Viernes en tu colonia&#8221;, de febrero a junio del 2025, se han reparado un total de 3 mil 146 baches como parte de las acciones que buscan mejorar la movilidad urbana y la calidad de vida en Hermosillo.<\/p>\n<p>El Ayuntamiento de Hermosillo refrenda su compromiso con el mejoramiento de las vialidades mediante programas y acciones que responden directamente a las necesidades de las familias hermosillenses.<\/p>\n","protected":false},"excerpt":{"rendered":"<p>Hermosillo, Sonora; 06 de agosto de 2025.- Como parte del compromiso del presidente municipal Antonio Astiazar\u00e1n Guti\u00e9rrez, de brindar a hermosillenses mejores vialidades, el programa \u201cViernes en tu colonia\u201d ha bacheado cerca de 16 mil metros cuadrados en distintos sectores de la ciudad durante el primer semestre del a\u00f1o. Astart\u00e9 Corro Ruiz, directora general de [&hellip;]<\/p>\n","protected":false},"author":2,"featured_media":225855,"comment_status":"closed","ping_status":"closed","sticky":false,"template":"","format":"standard","meta":{"footnotes":""},"categories":[12870,178],"tags":[12865,12869],"class_list":["post-225854","post","type-post","status-publish","format-standard","has-post-thumbnail","hentry","category-destacadas","category-local","tag-destacadas","tag-local"],"jetpack_featured_media_url":"https:\/\/rnoticias.com.mx\/Portal\/wp-content\/uploads\/2025\/08\/7db4e8e0-d753-4e71-8cbc-7b58ed2c727f.jpg","amp_enabled":true,"_links":{"self":[{"href":"https:\/\/rnoticias.com.mx\/Portal\/wp-json\/wp\/v2\/posts\/225854","targetHints":{"allow":["GET"]}}],"collection":[{"href":"https:\/\/rnoticias.com.mx\/Portal\/wp-json\/wp\/v2\/posts"}],"about":[{"href":"https:\/\/rnoticias.com.mx\/Portal\/wp-json\/wp\/v2\/types\/post"}],"author":[{"embeddable":true,"href":"https:\/\/rnoticias.com.mx\/Portal\/wp-json\/wp\/v2\/users\/2"}],"replies":[{"embeddable":true,"href":"https:\/\/rnoticias.com.mx\/Portal\/wp-json\/wp\/v2\/comments?post=225854"}],"version-history":[{"count":1,"href":"https:\/\/rnoticias.com.mx\/Portal\/wp-json\/wp\/v2\/posts\/225854\/revisions"}],"predecessor-version":[{"id":225856,"href":"https:\/\/rnoticias.com.mx\/Portal\/wp-json\/wp\/v2\/posts\/225854\/revisions\/225856"}],"wp:featuredmedia":[{"embeddable":true,"href":"https:\/\/rnoticias.com.mx\/Portal\/wp-json\/wp\/v2\/media\/225855"}],"wp:attachment":[{"href":"https:\/\/rnoticias.com.mx\/Portal\/wp-json\/wp\/v2\/media?parent=225854"}],"wp:term":[{"taxonomy":"category","embeddable":true,"href":"https:\/\/rnoticias.com.mx\/Portal\/wp-json\/wp\/v2\/categories?post=225854"},{"taxonomy":"post_tag","embeddable":true,"href":"https:\/\/rnoticias.com.mx\/Portal\/wp-json\/wp\/v2\/tags?post=225854"}],"curies":[{"name":"wp","href":"https:\/\/api.w.org\/{rel}","templated":true}]}}