{"id":225765,"date":"2025-08-04T22:28:09","date_gmt":"2025-08-05T05:28:09","guid":{"rendered":"https:\/\/rnoticias.com.mx\/Portal\/?p=225765"},"modified":"2025-08-04T22:28:09","modified_gmt":"2025-08-05T05:28:09","slug":"detienen-gobierno-de-sonora-y-defensa-a-personas-armadas-en-bacum","status":"publish","type":"post","link":"https:\/\/rnoticias.com.mx\/Portal\/2025\/08\/04\/detienen-gobierno-de-sonora-y-defensa-a-personas-armadas-en-bacum\/","title":{"rendered":"Detienen Gobierno de Sonora y Defensa a personas armadas en B\u00e1cum"},"content":{"rendered":"<p>B\u00e1cum, Sonora; 4 de agosto de 2025.- En seguimiento a la estrategia de seguridad mediante operativos coordinados, el Gobierno de Sonora, a trav\u00e9s de la Secretar\u00eda de Seguridad P\u00fablica (SSP) y la Secretar\u00eda de la Defensa Nacional (Defensa), logr\u00f3 la detenci\u00f3n de dos personas, a quienes se les asegur\u00f3 narc\u00f3tico, un arma de fuego y cartuchos, en el municipio de B\u00e1cum.<\/p>\n<p>Oficiales de la Polic\u00eda Estatal de Seguridad P\u00fablica (PESP) y personal del Ej\u00e9rcito Mexicano detuvieron en el ejido El Castillo a Manuel \u201cN\u201d y a una persona menor de edad.<\/p>\n<p>Derivado del trabajo coordinado, se asegur\u00f3 un arma de fuego calibre .40, cargadores, cartuchos y m\u00e1s de 600 envoltorios con presunta sustancia il\u00edcita.<\/p>\n<p>Debido a los hechos, el operativo se realiz\u00f3 conforme al protocolo; se inform\u00f3 a las personas detenidas sobre sus derechos, quedando a disposici\u00f3n del Ministerio P\u00fablico para los tr\u00e1mites legales correspondientes.<\/p>\n<p>Nota: Se informa que las personas detenidas se presumen inocentes y ser\u00e1n tratadas como tales en todas las etapas del procedimiento, mientras no se declare su responsabilidad mediante sentencia emitida por el \u00f3rgano jurisdiccional correspondiente, conforme al art\u00edculo 13 del C\u00f3digo Nacional de Procedimientos Penales.<\/p>\n","protected":false},"excerpt":{"rendered":"<p>B\u00e1cum, Sonora; 4 de agosto de 2025.- En seguimiento a la estrategia de seguridad mediante operativos coordinados, el Gobierno de Sonora, a trav\u00e9s de la Secretar\u00eda de Seguridad P\u00fablica (SSP) y la Secretar\u00eda de la Defensa Nacional (Defensa), logr\u00f3 la detenci\u00f3n de dos personas, a quienes se les asegur\u00f3 narc\u00f3tico, un arma de fuego y [&hellip;]<\/p>\n","protected":false},"author":2,"featured_media":225766,"comment_status":"closed","ping_status":"closed","sticky":false,"template":"","format":"standard","meta":{"footnotes":""},"categories":[12870,174],"tags":[12865,12873],"class_list":["post-225765","post","type-post","status-publish","format-standard","has-post-thumbnail","hentry","category-destacadas","category-estatal","tag-destacadas","tag-estatal"],"jetpack_featured_media_url":"https:\/\/rnoticias.com.mx\/Portal\/wp-content\/uploads\/2025\/08\/unnamed-1-4.jpg","amp_enabled":true,"_links":{"self":[{"href":"https:\/\/rnoticias.com.mx\/Portal\/wp-json\/wp\/v2\/posts\/225765","targetHints":{"allow":["GET"]}}],"collection":[{"href":"https:\/\/rnoticias.com.mx\/Portal\/wp-json\/wp\/v2\/posts"}],"about":[{"href":"https:\/\/rnoticias.com.mx\/Portal\/wp-json\/wp\/v2\/types\/post"}],"author":[{"embeddable":true,"href":"https:\/\/rnoticias.com.mx\/Portal\/wp-json\/wp\/v2\/users\/2"}],"replies":[{"embeddable":true,"href":"https:\/\/rnoticias.com.mx\/Portal\/wp-json\/wp\/v2\/comments?post=225765"}],"version-history":[{"count":1,"href":"https:\/\/rnoticias.com.mx\/Portal\/wp-json\/wp\/v2\/posts\/225765\/revisions"}],"predecessor-version":[{"id":225767,"href":"https:\/\/rnoticias.com.mx\/Portal\/wp-json\/wp\/v2\/posts\/225765\/revisions\/225767"}],"wp:featuredmedia":[{"embeddable":true,"href":"https:\/\/rnoticias.com.mx\/Portal\/wp-json\/wp\/v2\/media\/225766"}],"wp:attachment":[{"href":"https:\/\/rnoticias.com.mx\/Portal\/wp-json\/wp\/v2\/media?parent=225765"}],"wp:term":[{"taxonomy":"category","embeddable":true,"href":"https:\/\/rnoticias.com.mx\/Portal\/wp-json\/wp\/v2\/categories?post=225765"},{"taxonomy":"post_tag","embeddable":true,"href":"https:\/\/rnoticias.com.mx\/Portal\/wp-json\/wp\/v2\/tags?post=225765"}],"curies":[{"name":"wp","href":"https:\/\/api.w.org\/{rel}","templated":true}]}}