{"id":225756,"date":"2025-08-04T20:37:19","date_gmt":"2025-08-05T03:37:19","guid":{"rendered":"https:\/\/rnoticias.com.mx\/Portal\/?p=225756"},"modified":"2025-08-04T20:37:19","modified_gmt":"2025-08-05T03:37:19","slug":"llega-la-h-en-movimiento-a-bahia-de-kino-con-activacion-fisica-y-atencion-nutricional","status":"publish","type":"post","link":"https:\/\/rnoticias.com.mx\/Portal\/2025\/08\/04\/llega-la-h-en-movimiento-a-bahia-de-kino-con-activacion-fisica-y-atencion-nutricional\/","title":{"rendered":"Llega La H en Movimiento a Bah\u00eda de Kino con activaci\u00f3n f\u00edsica y atenci\u00f3n nutricional"},"content":{"rendered":"<p><b data-olk-copy-source=\"MessageBody\">Hermosillo, Sonora; 04 de agosto de 2025.-<\/b>El programa La H en Movimiento que impulsa el presidente municipal Antonio Astiazar\u00e1n, lleg\u00f3 este fin de semana a Bah\u00eda de Kino con activaci\u00f3n f\u00edsica con el objetivo de seguir fomentando h\u00e1bitos saludables en las comunidades hermosillenses.<\/p>\n<p aria-hidden=\"true\">\n<p>Rafael Cruz, director del Instituto del Deporte de Hermosillo (IDH) inform\u00f3 que las instructoras de zumba que normalmente imparten clases en San Pedro El Saucito se desplazaron a Bah\u00eda de Kino para promover la activaci\u00f3n f\u00edsica y la sana alimentaci\u00f3n entre sus habitantes.<\/p>\n<p aria-hidden=\"true\">\n<p>\u201cMovernos es responsabilidad de todos y en la H promovemos el cuidado de la comunidad dentro de las colonias con actividades gratuitas\u201d, agreg\u00f3.<\/p>\n<p aria-hidden=\"true\">\n<p>La H en Movimiento es un programa integral que ha tenido presencia en colonias como Sahuaro, Puerta Real, San Pedro, La Caridad, Villas del Sur, Real del Carmen, Nuevo Hermosillo y Privadas del Real, donde m\u00e1s de 500 personas han participado activamente en sesiones de zumba.<\/p>\n<p aria-hidden=\"true\">\n<p>En materia de nutrici\u00f3n, se ha llegado a las colonias Las Lomas, Solidaridad, El Apache, Carmen Serd\u00e1n y Los Olivos, brindando atenci\u00f3n a m\u00e1s de 400 personas en temas de salud f\u00edsica y emocional.<\/p>\n<p aria-hidden=\"true\">\n<p>Adem\u00e1s de zumba y nutrici\u00f3n, La H en Movimiento tambi\u00e9n promueve otras disciplinas como lucha libre, boxeo, y cursos de primeros auxilios mediante talleres, con el fin de mejorar la calidad de vida de la poblaci\u00f3n a trav\u00e9s del deporte, la prevenci\u00f3n y el autocuidado.<\/p>\n<p aria-hidden=\"true\">\n<p>El Gobierno Municipal reafirma su compromiso con el bienestar, salud y la activaci\u00f3n f\u00edsica en las colonias con la finalidad de promover comunidades m\u00e1s sanas.<\/p>\n","protected":false},"excerpt":{"rendered":"<p>Hermosillo, Sonora; 04 de agosto de 2025.-El programa La H en Movimiento que impulsa el presidente municipal Antonio Astiazar\u00e1n, lleg\u00f3 este fin de semana a Bah\u00eda de Kino con activaci\u00f3n f\u00edsica con el objetivo de seguir fomentando h\u00e1bitos saludables en las comunidades hermosillenses. Rafael Cruz, director del Instituto del Deporte de Hermosillo (IDH) inform\u00f3 que [&hellip;]<\/p>\n","protected":false},"author":2,"featured_media":225757,"comment_status":"closed","ping_status":"closed","sticky":false,"template":"","format":"standard","meta":{"footnotes":""},"categories":[12870,178],"tags":[12865,12869],"class_list":["post-225756","post","type-post","status-publish","format-standard","has-post-thumbnail","hentry","category-destacadas","category-local","tag-destacadas","tag-local"],"jetpack_featured_media_url":"https:\/\/rnoticias.com.mx\/Portal\/wp-content\/uploads\/2025\/08\/Llega-La-H-en-Movimiento-a-Bahia-de-Kino-con-activacion-fisica-y-atencion-nutricional02.jpeg","amp_enabled":true,"_links":{"self":[{"href":"https:\/\/rnoticias.com.mx\/Portal\/wp-json\/wp\/v2\/posts\/225756","targetHints":{"allow":["GET"]}}],"collection":[{"href":"https:\/\/rnoticias.com.mx\/Portal\/wp-json\/wp\/v2\/posts"}],"about":[{"href":"https:\/\/rnoticias.com.mx\/Portal\/wp-json\/wp\/v2\/types\/post"}],"author":[{"embeddable":true,"href":"https:\/\/rnoticias.com.mx\/Portal\/wp-json\/wp\/v2\/users\/2"}],"replies":[{"embeddable":true,"href":"https:\/\/rnoticias.com.mx\/Portal\/wp-json\/wp\/v2\/comments?post=225756"}],"version-history":[{"count":1,"href":"https:\/\/rnoticias.com.mx\/Portal\/wp-json\/wp\/v2\/posts\/225756\/revisions"}],"predecessor-version":[{"id":225758,"href":"https:\/\/rnoticias.com.mx\/Portal\/wp-json\/wp\/v2\/posts\/225756\/revisions\/225758"}],"wp:featuredmedia":[{"embeddable":true,"href":"https:\/\/rnoticias.com.mx\/Portal\/wp-json\/wp\/v2\/media\/225757"}],"wp:attachment":[{"href":"https:\/\/rnoticias.com.mx\/Portal\/wp-json\/wp\/v2\/media?parent=225756"}],"wp:term":[{"taxonomy":"category","embeddable":true,"href":"https:\/\/rnoticias.com.mx\/Portal\/wp-json\/wp\/v2\/categories?post=225756"},{"taxonomy":"post_tag","embeddable":true,"href":"https:\/\/rnoticias.com.mx\/Portal\/wp-json\/wp\/v2\/tags?post=225756"}],"curies":[{"name":"wp","href":"https:\/\/api.w.org\/{rel}","templated":true}]}}