{"id":225753,"date":"2025-08-04T20:19:56","date_gmt":"2025-08-05T03:19:56","guid":{"rendered":"https:\/\/rnoticias.com.mx\/Portal\/?p=225753"},"modified":"2025-08-04T20:19:56","modified_gmt":"2025-08-05T03:19:56","slug":"llama-gobierno-de-sonora-a-incrementar-la-prevencion-por-altas-temperaturas","status":"publish","type":"post","link":"https:\/\/rnoticias.com.mx\/Portal\/2025\/08\/04\/llama-gobierno-de-sonora-a-incrementar-la-prevencion-por-altas-temperaturas\/","title":{"rendered":"Llama Gobierno de Sonora a incrementar la prevenci\u00f3n por altas temperaturas"},"content":{"rendered":"<p>Hermosillo, Sonora; 4 de agosto de 2025.- El Gobierno de Sonora, a trav\u00e9s de la Coordinaci\u00f3n Estatal de Protecci\u00f3n Civil (CEPC), hizo un llamado a la poblaci\u00f3n a intensificar las medidas de prevenci\u00f3n ante las altas temperaturas que se presentan en el estado.<\/p>\n<p>Durante los pr\u00f3ximos d\u00edas se esperan temperaturas superiores a los 45 grados a la sombra, con sensaciones t\u00e9rmicas a\u00fan mayores debido a la alta presencia de humedad en el ambiente.<\/p>\n<p>Debido a la aproximaci\u00f3n de una circulaci\u00f3n anticicl\u00f3nica, se mantendr\u00e1 una onda de calor con ambiente de caluroso a muy caluroso, con temperaturas m\u00e1ximas entre 40 y 45\u202f\u00b0C, e incluso superiores en los valles y en el noroeste de la entidad sonorense.<\/p>\n<p>Asimismo, se prev\u00e9 una disminuci\u00f3n en la generaci\u00f3n de tormentas a partir del martes.<\/p>\n<p>Ante ello, se recomienda a la poblaci\u00f3n mantenerse bien hidratada en todo momento, tomar abundante agua, y evitar exposiciones prolongadas al sol y a las altas temperaturas.<\/p>\n<p>Tambi\u00e9n se sugiere vestir ropa clara y c\u00f3moda, utilizar gorra o sombrero, as\u00ed como protector solar.<\/p>\n<p>En caso de presentar signos de malestar por el calor, se debe llamar de inmediato a la l\u00ednea telef\u00f3nica 9-1-1.<\/p>\n","protected":false},"excerpt":{"rendered":"<p>Hermosillo, Sonora; 4 de agosto de 2025.- El Gobierno de Sonora, a trav\u00e9s de la Coordinaci\u00f3n Estatal de Protecci\u00f3n Civil (CEPC), hizo un llamado a la poblaci\u00f3n a intensificar las medidas de prevenci\u00f3n ante las altas temperaturas que se presentan en el estado. Durante los pr\u00f3ximos d\u00edas se esperan temperaturas superiores a los 45 grados [&hellip;]<\/p>\n","protected":false},"author":2,"featured_media":225754,"comment_status":"closed","ping_status":"closed","sticky":false,"template":"","format":"standard","meta":{"footnotes":""},"categories":[12870,178],"tags":[12865,12869],"class_list":["post-225753","post","type-post","status-publish","format-standard","has-post-thumbnail","hentry","category-destacadas","category-local","tag-destacadas","tag-local"],"jetpack_featured_media_url":"https:\/\/rnoticias.com.mx\/Portal\/wp-content\/uploads\/2025\/08\/unnamed-6.jpg","amp_enabled":true,"_links":{"self":[{"href":"https:\/\/rnoticias.com.mx\/Portal\/wp-json\/wp\/v2\/posts\/225753","targetHints":{"allow":["GET"]}}],"collection":[{"href":"https:\/\/rnoticias.com.mx\/Portal\/wp-json\/wp\/v2\/posts"}],"about":[{"href":"https:\/\/rnoticias.com.mx\/Portal\/wp-json\/wp\/v2\/types\/post"}],"author":[{"embeddable":true,"href":"https:\/\/rnoticias.com.mx\/Portal\/wp-json\/wp\/v2\/users\/2"}],"replies":[{"embeddable":true,"href":"https:\/\/rnoticias.com.mx\/Portal\/wp-json\/wp\/v2\/comments?post=225753"}],"version-history":[{"count":1,"href":"https:\/\/rnoticias.com.mx\/Portal\/wp-json\/wp\/v2\/posts\/225753\/revisions"}],"predecessor-version":[{"id":225755,"href":"https:\/\/rnoticias.com.mx\/Portal\/wp-json\/wp\/v2\/posts\/225753\/revisions\/225755"}],"wp:featuredmedia":[{"embeddable":true,"href":"https:\/\/rnoticias.com.mx\/Portal\/wp-json\/wp\/v2\/media\/225754"}],"wp:attachment":[{"href":"https:\/\/rnoticias.com.mx\/Portal\/wp-json\/wp\/v2\/media?parent=225753"}],"wp:term":[{"taxonomy":"category","embeddable":true,"href":"https:\/\/rnoticias.com.mx\/Portal\/wp-json\/wp\/v2\/categories?post=225753"},{"taxonomy":"post_tag","embeddable":true,"href":"https:\/\/rnoticias.com.mx\/Portal\/wp-json\/wp\/v2\/tags?post=225753"}],"curies":[{"name":"wp","href":"https:\/\/api.w.org\/{rel}","templated":true}]}}