{"id":225750,"date":"2025-08-04T20:19:02","date_gmt":"2025-08-05T03:19:02","guid":{"rendered":"https:\/\/rnoticias.com.mx\/Portal\/?p=225750"},"modified":"2025-08-04T20:19:02","modified_gmt":"2025-08-05T03:19:02","slug":"seis-jugadores-sonorenses-alinearon-en-las-copas-panamericanas-de-hockey","status":"publish","type":"post","link":"https:\/\/rnoticias.com.mx\/Portal\/2025\/08\/04\/seis-jugadores-sonorenses-alinearon-en-las-copas-panamericanas-de-hockey\/","title":{"rendered":"SEIS JUGADORES SONORENSES ALINEARON   EN LAS COPAS PANAMERICANAS DE HOCKEY"},"content":{"rendered":"<p class=\"x_gmail-MsoNoSpacing\"><span data-olk-copy-source=\"MessageBody\">Hermosillo, Sonora, 4 de agosto del 2025.- Un total de seis jugadores sonorenses vieron acci\u00f3n en las Copas Panamericana de Hockey sobre Pasto (varonil y femenil), que se celebraron de manera simult\u00e1nea en Montevideo, Uruguay, entre el 24 de julio y el 3 de agosto. \u00a0<\/span><\/p>\n<p class=\"x_gmail-MsoNoSpacing\">\n<p class=\"x_gmail-MsoNoSpacing\">Cinco de ellos fueron parte del equipo varonil: Jorge G\u00f3mez, Mat\u00edas Guzm\u00e1n, Max Fimbres, Daniel Castillo y Miguel Oth\u00f3n, mientras que la experimentada portera Jes\u00fas Ahyde\u00e9 Castillo, estuvo como la arquera titular de la selecci\u00f3n nacional femenil.<\/p>\n<p class=\"x_gmail-MsoNoSpacing\">\n<p class=\"x_gmail-MsoNoSpacing\">En el certamen, M\u00e9xico qued\u00f3 muy cerca de clasificarse en ambas ramas al Campeonato Mundial de Hockey sobre C\u00e9sped, ya que la selecci\u00f3n tricolor varonil termin\u00f3 quinta (hab\u00eda cuatro cupos) y la femenil sexta (clasificaron los cinco mejores). Argentina se llev\u00f3 el carro completo tras conquistar los dos cetros, luego de vencer en las finales a Estados Unidos: en hombres gan\u00f3 10-0 y en mujeres 3-0.<\/p>\n<p class=\"x_gmail-MsoNoSpacing\">\n<p class=\"x_gmail-MsoNoSpacing\">El seleccionado azteca de varones culmin\u00f3 con marca de 2-2 y un empate, despu\u00e9s de superar a Uruguay (4-1) y Trinidad y Tobago (5-0), en tanto que le sac\u00f3 un empate a Brasil (2-2 pero ganaron en shootouts para quedarse con la quinta posici\u00f3n) y sufri\u00f3 reveses ante Chile (7-0) y Canad\u00e1 (8-1).<\/p>\n<p class=\"x_gmail-MsoNoSpacing\">\n<p class=\"x_gmail-MsoNoSpacing\">De manera individual, G\u00f3mez G\u00f3mez result\u00f3 el m\u00e1s destacado en la cancha pues convirti\u00f3 tres goles \u2013contra Canad\u00e1, Uruguay y Brasil- en tanto que Daniel Castillo marc\u00f3 uno (ante la escuadra brasile\u00f1a).<\/p>\n<p class=\"x_gmail-MsoNoSpacing\">\n<p class=\"x_gmail-MsoNoSpacing\">Por su parte Jes\u00fas Ahyde\u00e9 Castillo aline\u00f3 como portera en los cinco encuentros de M\u00e9xico, que finaliz\u00f3 con marca de 2-3 en ganados y perdidos; el Tricolor obtuvo victorias sobre Paraguay (4-1) y Trinidad y Tobago (5-0), pero cay\u00f3 ante Canad\u00e1 (2-0), Chile (1-0) y Estados Unidos (10-0).<\/p>\n<p class=\"x_gmail-MsoNoSpacing\">\n","protected":false},"excerpt":{"rendered":"<p>Hermosillo, Sonora, 4 de agosto del 2025.- Un total de seis jugadores sonorenses vieron acci\u00f3n en las Copas Panamericana de Hockey sobre Pasto (varonil y femenil), que se celebraron de manera simult\u00e1nea en Montevideo, Uruguay, entre el 24 de julio y el 3 de agosto. \u00a0 Cinco de ellos fueron parte del equipo varonil: Jorge [&hellip;]<\/p>\n","protected":false},"author":2,"featured_media":225751,"comment_status":"closed","ping_status":"closed","sticky":false,"template":"","format":"standard","meta":{"footnotes":""},"categories":[188,12870],"tags":[5231,12865],"class_list":["post-225750","post","type-post","status-publish","format-standard","has-post-thumbnail","hentry","category-deportes","category-destacadas","tag-deportes","tag-destacadas"],"jetpack_featured_media_url":"https:\/\/rnoticias.com.mx\/Portal\/wp-content\/uploads\/2025\/08\/Cinco-sonorenses-en-seleccion-mayor-de-hockey-.jpg","amp_enabled":true,"_links":{"self":[{"href":"https:\/\/rnoticias.com.mx\/Portal\/wp-json\/wp\/v2\/posts\/225750","targetHints":{"allow":["GET"]}}],"collection":[{"href":"https:\/\/rnoticias.com.mx\/Portal\/wp-json\/wp\/v2\/posts"}],"about":[{"href":"https:\/\/rnoticias.com.mx\/Portal\/wp-json\/wp\/v2\/types\/post"}],"author":[{"embeddable":true,"href":"https:\/\/rnoticias.com.mx\/Portal\/wp-json\/wp\/v2\/users\/2"}],"replies":[{"embeddable":true,"href":"https:\/\/rnoticias.com.mx\/Portal\/wp-json\/wp\/v2\/comments?post=225750"}],"version-history":[{"count":1,"href":"https:\/\/rnoticias.com.mx\/Portal\/wp-json\/wp\/v2\/posts\/225750\/revisions"}],"predecessor-version":[{"id":225752,"href":"https:\/\/rnoticias.com.mx\/Portal\/wp-json\/wp\/v2\/posts\/225750\/revisions\/225752"}],"wp:featuredmedia":[{"embeddable":true,"href":"https:\/\/rnoticias.com.mx\/Portal\/wp-json\/wp\/v2\/media\/225751"}],"wp:attachment":[{"href":"https:\/\/rnoticias.com.mx\/Portal\/wp-json\/wp\/v2\/media?parent=225750"}],"wp:term":[{"taxonomy":"category","embeddable":true,"href":"https:\/\/rnoticias.com.mx\/Portal\/wp-json\/wp\/v2\/categories?post=225750"},{"taxonomy":"post_tag","embeddable":true,"href":"https:\/\/rnoticias.com.mx\/Portal\/wp-json\/wp\/v2\/tags?post=225750"}],"curies":[{"name":"wp","href":"https:\/\/api.w.org\/{rel}","templated":true}]}}