{"id":225747,"date":"2025-08-04T20:05:16","date_gmt":"2025-08-05T03:05:16","guid":{"rendered":"https:\/\/rnoticias.com.mx\/Portal\/?p=225747"},"modified":"2025-08-04T20:05:16","modified_gmt":"2025-08-05T03:05:16","slug":"realiza-ine-primer-foro-regional-sobre-la-reforma-a-los-lineamientos-para-la-proteccion-de-ninas-ninos-y-adolescentes","status":"publish","type":"post","link":"https:\/\/rnoticias.com.mx\/Portal\/2025\/08\/04\/realiza-ine-primer-foro-regional-sobre-la-reforma-a-los-lineamientos-para-la-proteccion-de-ninas-ninos-y-adolescentes\/","title":{"rendered":"Realiza INE primer foro regional sobre la reforma a los Lineamientos para la protecci\u00f3n de ni\u00f1as, ni\u00f1os y adolescentes"},"content":{"rendered":"<p class=\"x_MsoNormal\"><span data-olk-copy-source=\"MessageBody\">Con el objetivo de dar cumplimiento a una sentencia del Tribunal Electoral del Poder Judicial de la Federaci\u00f3n (TEPJF) que vincul\u00f3 al Consejo General a modificar los Lineamientos para la Protecci\u00f3n de Ni\u00f1as, Ni\u00f1os y Adolescentes en Materia de Propaganda y Mensajes Electorales, el Instituto Nacional Electoral (INE) llev\u00f3 a cabo el primer foro regional sobre la reforma a esta normatividad, para establecer los par\u00e1metros necesarios en los casos en que se haga uso de tecnolog\u00edas digitales o Inteligencia Artificial (IA) en la generaci\u00f3n, edici\u00f3n y difusi\u00f3n de im\u00e1genes en las que aparezcan ni\u00f1as, ni\u00f1os y adolescentes.<\/span><\/p>\n<p class=\"x_MsoNormal\">\n<p class=\"x_MsoNormal\">En representaci\u00f3n de la Consejera Presidenta del INE, Guadalupe Taddei Zavala, la Secretaria Ejecutiva, Claudia Arlett Espino dio la bienvenida a los concesionarios de radio y televisi\u00f3n, representantes de partidos pol\u00edticos y especialistas que participaron en el foro.<\/p>\n<p class=\"x_MsoNormal\">\n<p class=\"x_MsoNormal\">Durante la inauguraci\u00f3n, la Consejera y presidenta del Comit\u00e9 de Radio y Televisi\u00f3n, Dania Ravel Cuevas, asegur\u00f3 que hablar de ni\u00f1as, ni\u00f1os y adolescentes en el contexto de la propaganda pol\u00edtica y electoral es un tema altamente sensible, pero tambi\u00e9n constituye un reto y un desaf\u00edo para la democracia.<\/p>\n<p class=\"x_MsoNormal\">\n<p class=\"x_MsoNormal\">\u201cLos avances tecnol\u00f3gicos, en especial, el uso de la Inteligencia Artificial ha transformado la manera de hacer mensajes pol\u00edticos, sin embargo, tambi\u00e9n nos han puesto un reto enfrente: garantizar los derechos de ni\u00f1as, ni\u00f1os y adolescentes\u201d, enfatiz\u00f3.<\/p>\n<p class=\"x_MsoNormal\">\n<p class=\"x_MsoNormal\">La Consejera manifest\u00f3 que en este contexto es imperante incorporar par\u00e1metros claros ante el uso de tecnolog\u00edas digitales e IA en im\u00e1genes que involucran a personas menores de edad en la propaganda pol\u00edtica y electoral. No obstante, aclar\u00f3 que el INE no busca censurar, sino establecer reglas claras para garantizar el inter\u00e9s superior de la ni\u00f1ez.<\/p>\n<p class=\"x_MsoNormal\">\n<p class=\"x_MsoNormal\">En este sentido, Ravel subray\u00f3 que concretar esta regulaci\u00f3n es una responsabilidad compartida entre actores pol\u00edticos, medios de comunicaci\u00f3n, organizaciones de la sociedad civil y autoridades electorales para generar una normativa s\u00f3lida.<\/p>\n<p class=\"x_MsoNormal\">\n<p class=\"x_MsoNormal\">A la inauguraci\u00f3n asistieron la Encargada de Despacho de la Direcci\u00f3n Ejecutiva de Prerrogativas y Partidos Pol\u00edticos (DEPPP), Yessica Alarc\u00f3n G\u00f3ngora; la Secretaria Ejecutiva del Sistema Nacional de Protecci\u00f3n Integral de Ni\u00f1as, Ni\u00f1os y Adolescentes, Lorena Villavicencio Ayala; la Coordinadora de Fortalecimiento Acad\u00e9mico de la Universidad Nacional Aut\u00f3noma de M\u00e9xico (UNAM), Suyette Mendieta Verdejo y la acad\u00e9mica del Instituto de Investigaciones Jur\u00eddicas de la UNAM, Patricia Gonz\u00e1lez Rodr\u00edguez.<\/p>\n<p class=\"x_MsoNormal\">\n<p class=\"x_MsoNormal\">Enseguida, en la mesa titulada\u00a0<i>Uso de Inteligencia Artificial y plataformas digitales en propaganda pol\u00edtico electoral en la que aparezcan ni\u00f1as, ni\u00f1os y adolescentes<\/i>, participaron personas especialistas del sector p\u00fablico y privado, quienes coincidieron en que la regulaci\u00f3n del uso de IA en propaganda en la que se observen infancias y adolescencias debe garantizar el inter\u00e9s superior de la ni\u00f1ez y no debe buscar la censura sino la construcci\u00f3n de un nuevo paradigma de protecci\u00f3n integral.<\/p>\n<p class=\"x_MsoNormal\">\n<p class=\"x_MsoNormal\"><b><i>Celebran primer foro regional sobre la reforma al Reglamento de Radio y Televisi\u00f3n en Materia Electoral<\/i><\/b><\/p>\n<p class=\"x_MsoNormal\"><b><i>\u00a0<\/i><\/b><\/p>\n<p class=\"x_MsoNormal\">Durante dos d\u00edas -31 de julio y 1 de agosto- el INE llev\u00f3 a cabo el primer foro regional sobre la reforma al Reglamento de Radio y Televisi\u00f3n en Materia Electoral, en donde las consejeras Dania Ravel, Carla Humphrey y el Consejero Arturo Castillo coincidieron en que el objetivo es escuchar a los partidos pol\u00edticos nacionales y locales, a las autoridades electorales, a las organizaciones que agrupan a concesionarias, especialistas y profesionales de la materia, sobre el impacto t\u00e9cnico, material o jur\u00eddico que puede implicar dicha reforma.<\/p>\n<p class=\"x_MsoNormal\">\n<p class=\"x_MsoNormal\">La Consejera Dania Ravel Cuevas, asegur\u00f3 que con este primero de cinco foros regionales\u00a0<a id=\"LPlnk735984\" name=\"x__Hlk204852596\"><\/a>-uno por cada circunscripci\u00f3n plurinominal-, se busca escuchar a los concesionarios, agrupaciones, personas acad\u00e9micas expertas y partidos pol\u00edticos\u00a0sobre sus consideraciones en las modificaciones al Reglamento de Radio y Televisi\u00f3n en Materia Electoral.<\/p>\n<p class=\"x_MsoNormal\">\n<p class=\"x_MsoNormal\">Lo anterior, \u201cdesde una perspectiva jur\u00eddica, econ\u00f3mica, operativa y, por supuesto, t\u00e9cnica, porque ustedes son quienes tienen este conocimiento y es importante que tengamos este di\u00e1logo\u201d, expres\u00f3 a las y los asistentes al foro.<\/p>\n<p class=\"x_MsoNormal\">\n<p class=\"x_MsoNormal\"><b><i>Fundamental entendimiento para operaci\u00f3n del modelo de comunicaci\u00f3n pol\u00edtica<\/i><\/b><\/p>\n<p class=\"x_MsoNormal\"><b><i>\u00a0<\/i><\/b><\/p>\n<p class=\"x_MsoNormal\">De manera virtual, el Consejero e integrante del Comit\u00e9 de Radio y Televisi\u00f3n, Arturo Castillo Loza, sostuvo que la implementaci\u00f3n del modelo de comunicaci\u00f3n pol\u00edtica vigente por 18 a\u00f1os en M\u00e9xico ha sido posible gracias a la colaboraci\u00f3n y el entendimiento mutuo entre concesionarios, partidos pol\u00edticos y autoridades electorales.<\/p>\n<p class=\"x_MsoNormal\">\n<p class=\"x_MsoNormal\">\u201cDespu\u00e9s de tantos a\u00f1os, ha habido cambios importantes en la tecnolog\u00eda y, naturalmente, en el entorno pol\u00edtico y econ\u00f3mico y por eso es necesario adaptar este modelo a la nueva realidad. Un modelo que constitucionalmente est\u00e1 intocado, pero que a nivel reglamentario podemos hacer ajustes pertinentes para que sea cada vez m\u00e1s viable\u201d, recalc\u00f3.<\/p>\n<p class=\"x_MsoNormal\">\n<p class=\"x_MsoNormal\">Asimismo, hizo votos porque el resultado de estos foros sea renovar el entendimiento que existe entre autoridades, partidos pol\u00edticos y concesionarios para que se logre un equilibrio entre los intereses de todos los actores y se garantice la efectividad, as\u00ed como la viabilidad del modelo constitucional de comunicaci\u00f3n pol\u00edtico y electoral.<\/p>\n<p class=\"x_MsoNormal\">\n<p class=\"x_MsoNormal\"><b><i>Necesario contemplar papel de las redes sociales y plataformas digitales<\/i><\/b><\/p>\n<p class=\"x_MsoNormal\"><b><i>\u00a0<\/i><\/b><\/p>\n<p class=\"x_MsoNormal\">Durante la primera mesa titulada\u00a0<i>Partidos pol\u00edticos nacionales y locales; concesionarios comerciales radiodifundidos y restringidos y organizaciones que agrupan a concesionarios<\/i>, la Consejera Carla Humphrey Jordan se\u00f1al\u00f3 que, en el contexto actual, es muy necesario contemplar c\u00f3mo ha avanzado la tecnolog\u00eda, c\u00f3mo se ha adecuado la DEPPP y c\u00f3mo ha cambiado el espectro de los medios de comunicaci\u00f3n con la importancia de las redes sociales y plataformas digitales.<\/p>\n<p class=\"x_MsoNormal\">\n<p class=\"x_MsoNormal\">Humphrey dijo a las y los participantes, entre ellos concesionarios y representantes de partidos pol\u00edticos, que para el INE \u201cuna de las v\u00edas centrales es la ampliaci\u00f3n de los derechos pol\u00edtico-electorales, pero eso tambi\u00e9n pasa por cuestiones t\u00e9cnicas que ustedes nos tienen que alertar de qu\u00e9 mejor forma pueden cumplirlas para que nosotros y ustedes podamos tener un reglamento que funcione y se adapte a las necesidades que estamos teniendo\u201d.<\/p>\n<p class=\"x_MsoNormal\">\n<p class=\"x_MsoNormal\">En este sentido, la tambi\u00e9n integrante del Comit\u00e9 de Radio y Televisi\u00f3n reiter\u00f3 que todas las aportaciones ser\u00e1n escuchadas y analizadas a fin de contar con un reglamento que atienda la mayor parte de las preocupaciones que tienen los diversos actores.<\/p>\n<p class=\"x_MsoNormal\">\n<p class=\"x_MsoNormal\">Esta mesa fue moderada por la Encargada de Despacho de la DEPPP, Yessica Alarc\u00f3n G\u00f3ngora y, durante \u00e9sta, concesionarios y representantes de partidos pol\u00edticos manifestaron sus necesidades y requerimientos para que sean contemplados en la reforma al Reglamento de Radio y Televisi\u00f3n en Materia Electoral.<\/p>\n<p class=\"x_MsoNormal\">\n<p class=\"x_MsoNormal\">El primer d\u00eda de actividades concluy\u00f3 con la mesa\u00a0<i>Concesionarios P\u00fablicos y Autoridades Electorales<\/i>\u00a0y, el segundo, inici\u00f3 con la tercera y \u00faltima mesa, titulada\u00a0<i>Concesionarios sociales\u00a0<\/i>en la que particip\u00f3 la Secretaria Ejecutiva del INE, Claudia Arlett Espino, quien escuch\u00f3 las necesidades e inquietudes de las personas concesionarias.<\/p>\n","protected":false},"excerpt":{"rendered":"<p>Con el objetivo de dar cumplimiento a una sentencia del Tribunal Electoral del Poder Judicial de la Federaci\u00f3n (TEPJF) que vincul\u00f3 al Consejo General a modificar los Lineamientos para la Protecci\u00f3n de Ni\u00f1as, Ni\u00f1os y Adolescentes en Materia de Propaganda y Mensajes Electorales, el Instituto Nacional Electoral (INE) llev\u00f3 a cabo el primer foro regional [&hellip;]<\/p>\n","protected":false},"author":2,"featured_media":225748,"comment_status":"closed","ping_status":"closed","sticky":false,"template":"","format":"standard","meta":{"footnotes":""},"categories":[12870,12868],"tags":[12865,12879],"class_list":["post-225747","post","type-post","status-publish","format-standard","has-post-thumbnail","hentry","category-destacadas","category-politica","tag-destacadas","tag-politica"],"jetpack_featured_media_url":"https:\/\/rnoticias.com.mx\/Portal\/wp-content\/uploads\/2025\/08\/Lineamientos-para-la-nines-1.jpeg","amp_enabled":true,"_links":{"self":[{"href":"https:\/\/rnoticias.com.mx\/Portal\/wp-json\/wp\/v2\/posts\/225747","targetHints":{"allow":["GET"]}}],"collection":[{"href":"https:\/\/rnoticias.com.mx\/Portal\/wp-json\/wp\/v2\/posts"}],"about":[{"href":"https:\/\/rnoticias.com.mx\/Portal\/wp-json\/wp\/v2\/types\/post"}],"author":[{"embeddable":true,"href":"https:\/\/rnoticias.com.mx\/Portal\/wp-json\/wp\/v2\/users\/2"}],"replies":[{"embeddable":true,"href":"https:\/\/rnoticias.com.mx\/Portal\/wp-json\/wp\/v2\/comments?post=225747"}],"version-history":[{"count":1,"href":"https:\/\/rnoticias.com.mx\/Portal\/wp-json\/wp\/v2\/posts\/225747\/revisions"}],"predecessor-version":[{"id":225749,"href":"https:\/\/rnoticias.com.mx\/Portal\/wp-json\/wp\/v2\/posts\/225747\/revisions\/225749"}],"wp:featuredmedia":[{"embeddable":true,"href":"https:\/\/rnoticias.com.mx\/Portal\/wp-json\/wp\/v2\/media\/225748"}],"wp:attachment":[{"href":"https:\/\/rnoticias.com.mx\/Portal\/wp-json\/wp\/v2\/media?parent=225747"}],"wp:term":[{"taxonomy":"category","embeddable":true,"href":"https:\/\/rnoticias.com.mx\/Portal\/wp-json\/wp\/v2\/categories?post=225747"},{"taxonomy":"post_tag","embeddable":true,"href":"https:\/\/rnoticias.com.mx\/Portal\/wp-json\/wp\/v2\/tags?post=225747"}],"curies":[{"name":"wp","href":"https:\/\/api.w.org\/{rel}","templated":true}]}}