{"id":225735,"date":"2025-08-04T19:55:06","date_gmt":"2025-08-05T02:55:06","guid":{"rendered":"https:\/\/rnoticias.com.mx\/Portal\/?p=225735"},"modified":"2025-08-04T19:55:06","modified_gmt":"2025-08-05T02:55:06","slug":"tendra-ayuntamiento-de-hermosillo-jornada-de-entrega-de-arboles-nativos-este-viernes","status":"publish","type":"post","link":"https:\/\/rnoticias.com.mx\/Portal\/2025\/08\/04\/tendra-ayuntamiento-de-hermosillo-jornada-de-entrega-de-arboles-nativos-este-viernes\/","title":{"rendered":"Tendr\u00e1 Ayuntamiento de Hermosillo jornada de entrega de \u00e1rboles nativos este viernes"},"content":{"rendered":"<p><b data-olk-copy-source=\"MessageBody\">Hermosillo, Sonora; 4 de agosto de 2025.-<\/b>\u00a0Este viernes 8 de agosto, el Vivero Municipal de Hermosillo llevar\u00e1 a cabo una jornada de entrega gratuita de \u00e1rboles nativos, en un horario de 9:00 de la ma\u00f1ana a 6:00 de la tarde, para todas las personas interesadas en contribuir al cuidado del entorno.<\/p>\n<p aria-hidden=\"true\">\n<p>Amparo Fontanot Ochoa, directora de Parques y Jardines, inform\u00f3 que durante la jornada se entregar\u00e1n especies propias de la regi\u00f3n como chiltep\u00edn, bagote, lantana, vinora, brea, palma abanico, palo verde, guam\u00fachil y tronadora, adaptadas al clima de Hermosillo y que favorecen la biodiversidad local.<\/p>\n<p aria-hidden=\"true\">\n<p>La entrega se realizar\u00e1 en las instalaciones del Vivero Municipal, ubicadas en avenida Morelia esquina con calle La Palma, en la colonia Casa Blanca, donde personal otorgar\u00e1 un \u00e1rbol por persona.<\/p>\n<p aria-hidden=\"true\">\n<p>Adem\u00e1s, como parte de esta iniciativa ambiental, se recibir\u00e1n materiales reciclables como PET, cart\u00f3n y aluminio, en apoyo a las acciones que promueve el Ayuntamiento de Hermosillo para reducir la contaminaci\u00f3n y fomentar la cultura del reciclaje.<\/p>\n<p aria-hidden=\"true\">\n<p>El Ayuntamiento de Hermosillo agradece a la poblaci\u00f3n que se suma a esta campa\u00f1a permanente de arborizaci\u00f3n con especies nativas, cuyo objetivo es mitigar los efectos del cambio clim\u00e1tico, conservar la riqueza natural del municipio y mejorar la calidad de vida de sus habitantes.<\/p>\n","protected":false},"excerpt":{"rendered":"<p>Hermosillo, Sonora; 4 de agosto de 2025.-\u00a0Este viernes 8 de agosto, el Vivero Municipal de Hermosillo llevar\u00e1 a cabo una jornada de entrega gratuita de \u00e1rboles nativos, en un horario de 9:00 de la ma\u00f1ana a 6:00 de la tarde, para todas las personas interesadas en contribuir al cuidado del entorno. Amparo Fontanot Ochoa, directora [&hellip;]<\/p>\n","protected":false},"author":2,"featured_media":225736,"comment_status":"closed","ping_status":"closed","sticky":false,"template":"","format":"standard","meta":{"footnotes":""},"categories":[12870,178],"tags":[12865,12869],"class_list":["post-225735","post","type-post","status-publish","format-standard","has-post-thumbnail","hentry","category-destacadas","category-local","tag-destacadas","tag-local"],"jetpack_featured_media_url":"https:\/\/rnoticias.com.mx\/Portal\/wp-content\/uploads\/2025\/08\/352.png","amp_enabled":true,"_links":{"self":[{"href":"https:\/\/rnoticias.com.mx\/Portal\/wp-json\/wp\/v2\/posts\/225735","targetHints":{"allow":["GET"]}}],"collection":[{"href":"https:\/\/rnoticias.com.mx\/Portal\/wp-json\/wp\/v2\/posts"}],"about":[{"href":"https:\/\/rnoticias.com.mx\/Portal\/wp-json\/wp\/v2\/types\/post"}],"author":[{"embeddable":true,"href":"https:\/\/rnoticias.com.mx\/Portal\/wp-json\/wp\/v2\/users\/2"}],"replies":[{"embeddable":true,"href":"https:\/\/rnoticias.com.mx\/Portal\/wp-json\/wp\/v2\/comments?post=225735"}],"version-history":[{"count":1,"href":"https:\/\/rnoticias.com.mx\/Portal\/wp-json\/wp\/v2\/posts\/225735\/revisions"}],"predecessor-version":[{"id":225737,"href":"https:\/\/rnoticias.com.mx\/Portal\/wp-json\/wp\/v2\/posts\/225735\/revisions\/225737"}],"wp:featuredmedia":[{"embeddable":true,"href":"https:\/\/rnoticias.com.mx\/Portal\/wp-json\/wp\/v2\/media\/225736"}],"wp:attachment":[{"href":"https:\/\/rnoticias.com.mx\/Portal\/wp-json\/wp\/v2\/media?parent=225735"}],"wp:term":[{"taxonomy":"category","embeddable":true,"href":"https:\/\/rnoticias.com.mx\/Portal\/wp-json\/wp\/v2\/categories?post=225735"},{"taxonomy":"post_tag","embeddable":true,"href":"https:\/\/rnoticias.com.mx\/Portal\/wp-json\/wp\/v2\/tags?post=225735"}],"curies":[{"name":"wp","href":"https:\/\/api.w.org\/{rel}","templated":true}]}}