{"id":225726,"date":"2025-08-04T19:29:07","date_gmt":"2025-08-05T02:29:07","guid":{"rendered":"https:\/\/rnoticias.com.mx\/Portal\/?p=225726"},"modified":"2025-08-04T19:29:07","modified_gmt":"2025-08-05T02:29:07","slug":"presenta-ine-plataforma-de-los-conteos-censales-de-participacion-ciudadana-2009-2024","status":"publish","type":"post","link":"https:\/\/rnoticias.com.mx\/Portal\/2025\/08\/04\/presenta-ine-plataforma-de-los-conteos-censales-de-participacion-ciudadana-2009-2024\/","title":{"rendered":"Presenta INE Plataforma de los Conteos Censales de Participaci\u00f3n Ciudadana 2009-2024"},"content":{"rendered":"<p class=\"x_MsoNormal\"><span data-olk-copy-source=\"MessageBody\">El Instituto Nacional Electoral (INE) present\u00f3 la Plataforma de los Conteos Censales de Participaci\u00f3n Ciudadana 2009-2024, as\u00ed como la actualizaci\u00f3n de estos ejercicios, con el objetivo de dar cuenta de los hallazgos m\u00e1s relevantes relacionados con la participaci\u00f3n ciudadana en la elecci\u00f3n federal de 2024 y analizar su significado en perspectiva comparada con procesos electorales anteriores.<\/span><\/p>\n<p class=\"x_MsoNormal\">\n<p class=\"x_MsoNormal\">Durante el evento, la Consejera y presidenta de la Comisi\u00f3n de Capacitaci\u00f3n Electoral y Educaci\u00f3n C\u00edvica, Norma Irene De La Cruz Maga\u00f1a, sostuvo que la participaci\u00f3n ciudadana en cada elecci\u00f3n es uno de los indicadores m\u00e1s valorados para medir la solidez de un sistema democr\u00e1tico, \u201cno s\u00f3lo en t\u00e9rminos de participaci\u00f3n acuciosa o relativa, sino desde las posibilidades que los datos estad\u00edsticos brindan\u201d.<\/p>\n<p class=\"x_MsoNormal\">\n<p class=\"x_MsoNormal\">En este sentido, subray\u00f3 que la plataforma busca que la ciudadan\u00eda conozca y se apropie de los datos que ofrece, \u201ccon un uso de insumos de investigaci\u00f3n o proyectos ciudadanos\u201d.<\/p>\n<p class=\"x_MsoNormal\">\n<p class=\"x_MsoNormal\">Asimismo, destac\u00f3 que entre los datos que arrojan los conteos censales de 2009 a 2024, se confirma que la participaci\u00f3n ciudadana de las mujeres se sostiene en porcentajes mayores del 60 %, tendencia desde hace 15 a\u00f1os.<\/p>\n<p class=\"x_MsoNormal\">\n<p class=\"x_MsoNormal\">Norma De La Cruz enfatiz\u00f3 que esta herramienta ayudar\u00e1 a impulsar estrategias de promoci\u00f3n y tambi\u00e9n desarrollar proyectos que se enfoquen en la participaci\u00f3n ciudadana m\u00e1s all\u00e1 de los procesos electorales. Esta presentaci\u00f3n, a\u00f1adi\u00f3, marca el banderazo de salida de una serie de actividades acad\u00e9micas y con organizaciones de la sociedad civil, as\u00ed como en redes sociales.<\/p>\n<p class=\"x_MsoNormal\">\n<p class=\"x_MsoNormal\">Al acto inaugural asisti\u00f3 la Secretaria Ejecutiva del INE, Claudia Arlett Espino, a nombre de la Consejera Presidenta del INE, Guadalupe Taddei Zavala y la Encargada de Despacho de la Direcci\u00f3n Ejecutiva de Capacitaci\u00f3n Electoral y Educaci\u00f3n C\u00edvica (DECEyEC) del INE, Iliana Araceli Hern\u00e1ndez G\u00f3mez.<\/p>\n<p class=\"x_MsoNormal\">\n<p class=\"x_MsoNormal\"><b><i>Conteos censales de participaci\u00f3n ciudadana recopilan datos a nivel casilla<\/i><\/b><\/p>\n<p class=\"x_MsoNormal\"><b><i>\u00a0<\/i><\/b><\/p>\n<p class=\"x_MsoNormal\">En su intervenci\u00f3n, la Consejera y tambi\u00e9n integrante de la Comisi\u00f3n, Carla Humphrey Jordan, explic\u00f3 que los conteos censales de participaci\u00f3n ciudadana son un proyecto de investigaci\u00f3n que realiza el INE en el que recopila y presenta distintos datos nominativos, a nivel casilla electoral, sobre esta participaci\u00f3n en los procesos electorales federales a partir de 2009.<\/p>\n<p class=\"x_MsoNormal\">\n<p class=\"x_MsoNormal\">El conteo censal correspondiente al Proceso Electoral Federal 2023-2024, precis\u00f3, permite llevar a cabo un ejercicio de comparaci\u00f3n con las bases previas y de tendencias, a nivel distrito, secci\u00f3n o casilla, \u201clo que significa una gesti\u00f3n del conocimiento institucional para la toma de decisiones, espec\u00edficamente sobre el acervo\u201d de los procesos electorales de 2009, 2012, 2015, 2018 y 2021.<\/p>\n<p class=\"x_MsoNormal\">\n<p class=\"x_MsoNormal\">Adicionalmente, se\u00f1al\u00f3 que la construcci\u00f3n de esta base censal tiene como fuente la informaci\u00f3n de los cuadernillos de la Lista Nominal de Electoras y Electores Definitiva con Fotograf\u00eda y se integra con la informaci\u00f3n de las marcas de \u201cVOT\u00d3\u201d anotadas en el recuadro respectivo, as\u00ed como de las listas adicionales de las y los votantes que acudieron a emitir su sufragio durante la Jornada Electoral.<\/p>\n<p class=\"x_MsoNormal\">\n<p class=\"x_MsoNormal\"><b><i>Virtud de la plataforma es el an\u00e1lisis comparativo<\/i><\/b><\/p>\n<p class=\"x_MsoNormal\"><b><i>\u00a0<\/i><\/b><\/p>\n<p class=\"x_MsoNormal\">Por su parte, la Consejera e integrante de la Comisi\u00f3n, Claudia Zavala P\u00e9rez, resalt\u00f3 que esta plataforma es una herramienta digital din\u00e1mica y muy estrat\u00e9gica, para quienes trabajan la materia electoral, la academia, las organizaciones de la sociedad civil y los partidos pol\u00edticos, para hacer diversos an\u00e1lisis desde las secciones electorales.<\/p>\n<p class=\"x_MsoNormal\">\n<p class=\"x_MsoNormal\">Zavala apunt\u00f3 que una de las virtudes que tiene esta herramienta es el an\u00e1lisis comparativo, \u201cun m\u00e9todo de an\u00e1lisis cient\u00edfico que nos permitir\u00e1 tener los datos, analizarlos y obtener conclusiones\u201d, y que la plataforma permite obtener los insumos en documentos que se pueden presentar y visualizar de manera gr\u00e1fica.<\/p>\n<p class=\"x_MsoNormal\">\n<p class=\"x_MsoNormal\">La Consejera recalc\u00f3 que la plataforma contiene informaci\u00f3n cierta, veraz y oportuna para la sociedad en su conjunto y que el INE seguir\u00e1 trabajando de frente a la ciudadan\u00eda \u201cporque las y los ciudadanos son los due\u00f1os de esta informaci\u00f3n para el uso que le quieran dar\u201d.<\/p>\n<p class=\"x_MsoNormal\">\n<p class=\"x_MsoNormal\">Enseguida, se proyect\u00f3 el video\u00a0<i>15 a\u00f1os de participaci\u00f3n ciudadana<\/i>\u00a0y se llev\u00f3 a cabo la presentaci\u00f3n de resultados clave de la participaci\u00f3n en 2024, a cargo de la Encargada de Despacho de la DECEyEC, Iliana Araceli Hern\u00e1ndez G\u00f3mez.<\/p>\n<p class=\"x_MsoNormal\">\n<p class=\"x_MsoNormal\">Posteriormente, se realiz\u00f3 la demostraci\u00f3n interactiva de la Plataforma de los Conteos Censales de Participaci\u00f3n Ciudadana 2009-2024 con el p\u00fablico asistente, a cargo de la especialista en gesti\u00f3n de datos y herramientas de educaci\u00f3n c\u00edvica y participaci\u00f3n ciudadana, Cirse Andrea Rodr\u00edguez Mendoza.<\/p>\n<p class=\"x_MsoNormal\">\n<p class=\"x_MsoNormal\">Finalmente, el acad\u00e9mico de la Universidad Iberoamericana, Ulises Cruz Valencia; la Oficial de Desarrollo Institucional y Recursos del Instituto de Liderazgo Simone de Beauvoir, A. C., Melisa Pineda Fabre y el periodista Sergio Uzeta Murcio, coincidieron en que herramientas como \u00e9sta constituyen una mina de datos para el an\u00e1lisis electoral y que pueden fortalecer la democracia, siempre y cuando se transformen en acciones concretas.<\/p>\n<p class=\"x_MsoNormal\">\n<p class=\"x_MsoNormal\">La plataforma de visualizaci\u00f3n de los Conteos Censales 2009-2024 est\u00e1 disponible para su consulta en la p\u00e1gina electr\u00f3nica:\u00a0<a title=\"https:\/\/ine.mx\/transparencia\/datos-abiertos\/visualizacion-datos\/conteos-censales-participacion\/\" href=\"https:\/\/ine.mx\/transparencia\/datos-abiertos\/visualizacion-datos\/conteos-censales-participacion\/\" target=\"_blank\" rel=\"noopener noreferrer\" data-auth=\"NotApplicable\" data-linkindex=\"0\">https:\/\/ine.mx\/transparencia\/datos-abiertos\/visualizacion-datos\/conteos-censales-participacion\/<\/a>.<\/p>\n","protected":false},"excerpt":{"rendered":"<p>El Instituto Nacional Electoral (INE) present\u00f3 la Plataforma de los Conteos Censales de Participaci\u00f3n Ciudadana 2009-2024, as\u00ed como la actualizaci\u00f3n de estos ejercicios, con el objetivo de dar cuenta de los hallazgos m\u00e1s relevantes relacionados con la participaci\u00f3n ciudadana en la elecci\u00f3n federal de 2024 y analizar su significado en perspectiva comparada con procesos electorales [&hellip;]<\/p>\n","protected":false},"author":2,"featured_media":225727,"comment_status":"closed","ping_status":"closed","sticky":false,"template":"","format":"standard","meta":{"footnotes":""},"categories":[12870,12868],"tags":[12865,12879],"class_list":["post-225726","post","type-post","status-publish","format-standard","has-post-thumbnail","hentry","category-destacadas","category-politica","tag-destacadas","tag-politica"],"jetpack_featured_media_url":"https:\/\/rnoticias.com.mx\/Portal\/wp-content\/uploads\/2025\/08\/IMG-20250804-WA0065.jpg","amp_enabled":true,"_links":{"self":[{"href":"https:\/\/rnoticias.com.mx\/Portal\/wp-json\/wp\/v2\/posts\/225726","targetHints":{"allow":["GET"]}}],"collection":[{"href":"https:\/\/rnoticias.com.mx\/Portal\/wp-json\/wp\/v2\/posts"}],"about":[{"href":"https:\/\/rnoticias.com.mx\/Portal\/wp-json\/wp\/v2\/types\/post"}],"author":[{"embeddable":true,"href":"https:\/\/rnoticias.com.mx\/Portal\/wp-json\/wp\/v2\/users\/2"}],"replies":[{"embeddable":true,"href":"https:\/\/rnoticias.com.mx\/Portal\/wp-json\/wp\/v2\/comments?post=225726"}],"version-history":[{"count":1,"href":"https:\/\/rnoticias.com.mx\/Portal\/wp-json\/wp\/v2\/posts\/225726\/revisions"}],"predecessor-version":[{"id":225728,"href":"https:\/\/rnoticias.com.mx\/Portal\/wp-json\/wp\/v2\/posts\/225726\/revisions\/225728"}],"wp:featuredmedia":[{"embeddable":true,"href":"https:\/\/rnoticias.com.mx\/Portal\/wp-json\/wp\/v2\/media\/225727"}],"wp:attachment":[{"href":"https:\/\/rnoticias.com.mx\/Portal\/wp-json\/wp\/v2\/media?parent=225726"}],"wp:term":[{"taxonomy":"category","embeddable":true,"href":"https:\/\/rnoticias.com.mx\/Portal\/wp-json\/wp\/v2\/categories?post=225726"},{"taxonomy":"post_tag","embeddable":true,"href":"https:\/\/rnoticias.com.mx\/Portal\/wp-json\/wp\/v2\/tags?post=225726"}],"curies":[{"name":"wp","href":"https:\/\/api.w.org\/{rel}","templated":true}]}}