{"id":225720,"date":"2025-08-04T19:26:07","date_gmt":"2025-08-05T02:26:07","guid":{"rendered":"https:\/\/rnoticias.com.mx\/Portal\/?p=225720"},"modified":"2025-08-04T19:26:07","modified_gmt":"2025-08-05T02:26:07","slug":"reabren-a-la-circulacion-tramo-rehabilitado-del-colector-principal-en-bulevar-paseo-rio-sonora","status":"publish","type":"post","link":"https:\/\/rnoticias.com.mx\/Portal\/2025\/08\/04\/reabren-a-la-circulacion-tramo-rehabilitado-del-colector-principal-en-bulevar-paseo-rio-sonora\/","title":{"rendered":"Reabren a la circulaci\u00f3n tramo rehabilitado del colector principal en bulevar Paseo R\u00edo Sonora"},"content":{"rendered":"<p>Hermosillo, Sonora; 4 de agosto de 2025.\u2013 Luego de concluir los trabajos de sustituci\u00f3n de una tuber\u00eda de gran di\u00e1metro, Agua de Hermosillo reabri\u00f3 a la circulaci\u00f3n vehicular el tramo ubicado en el cruce de bulevar Paseo R\u00edo Sonora y bulevar Las Quintas, donde se realiz\u00f3 la rehabilitaci\u00f3n de una secci\u00f3n del colector principal.<\/p>\n<p>Miguel \u00c1ngel Santana, gerente de Alcantarillado y Saneamiento del organismo operador, inform\u00f3 que la intervenci\u00f3n consisti\u00f3 en el reemplazo de una l\u00ednea de asbesto de 60 pulgadas de di\u00e1metro, la cual ten\u00eda m\u00e1s de 35 a\u00f1os de antig\u00fcedad y presentaba un hundimiento considerable, lo que representaba un riesgo para la infraestructura y la ciudadan\u00eda.<\/p>\n<p>\u201cEl material fue sustituido por una tuber\u00eda nueva, resistente, con una vida \u00fatil estimada de hasta 70 a\u00f1os. Es una pieza fabricada en Estados Unidos, dise\u00f1ada espec\u00edficamente para cumplir con las caracter\u00edsticas del sistema\u201d, explic\u00f3.<\/p>\n<p>El trabajo implic\u00f3 excavaciones a m\u00e1s de 8 metros de profundidad y una longitud de intervenci\u00f3n de 132 metros, lo que requiri\u00f3 maniobras especializadas por parte del personal operativo.<\/p>\n<p>Santana detall\u00f3 que este tramo forma parte de una l\u00ednea de nueve kil\u00f3metros, de la cual ya se han rehabilitado tres, en una estrategia de modernizaci\u00f3n por etapas.<\/p>\n<p>\u201cSeguiremos trabajando, realizando inspecciones y atendiendo los tramos que representen riesgo. Esta l\u00ednea ya es obsoleta y requiere un reemplazo total, pero lo haremos gradualmente conforme lo permitan las condiciones t\u00e9cnicas y presupuestales\u201d, se\u00f1al\u00f3.<\/p>\n<p>Con la reapertura de este cruce se restablece la vialidad del sur poniente de la ciudad, mejorando tanto la movilidad como la seguridad del sistema sanitario.<\/p>\n","protected":false},"excerpt":{"rendered":"<p>Hermosillo, Sonora; 4 de agosto de 2025.\u2013 Luego de concluir los trabajos de sustituci\u00f3n de una tuber\u00eda de gran di\u00e1metro, Agua de Hermosillo reabri\u00f3 a la circulaci\u00f3n vehicular el tramo ubicado en el cruce de bulevar Paseo R\u00edo Sonora y bulevar Las Quintas, donde se realiz\u00f3 la rehabilitaci\u00f3n de una secci\u00f3n del colector principal. Miguel [&hellip;]<\/p>\n","protected":false},"author":2,"featured_media":225721,"comment_status":"closed","ping_status":"closed","sticky":false,"template":"","format":"standard","meta":{"footnotes":""},"categories":[12870,178],"tags":[12865,12869],"class_list":["post-225720","post","type-post","status-publish","format-standard","has-post-thumbnail","hentry","category-destacadas","category-local","tag-destacadas","tag-local"],"jetpack_featured_media_url":"https:\/\/rnoticias.com.mx\/Portal\/wp-content\/uploads\/2025\/08\/snapshot.webp","amp_enabled":true,"_links":{"self":[{"href":"https:\/\/rnoticias.com.mx\/Portal\/wp-json\/wp\/v2\/posts\/225720","targetHints":{"allow":["GET"]}}],"collection":[{"href":"https:\/\/rnoticias.com.mx\/Portal\/wp-json\/wp\/v2\/posts"}],"about":[{"href":"https:\/\/rnoticias.com.mx\/Portal\/wp-json\/wp\/v2\/types\/post"}],"author":[{"embeddable":true,"href":"https:\/\/rnoticias.com.mx\/Portal\/wp-json\/wp\/v2\/users\/2"}],"replies":[{"embeddable":true,"href":"https:\/\/rnoticias.com.mx\/Portal\/wp-json\/wp\/v2\/comments?post=225720"}],"version-history":[{"count":1,"href":"https:\/\/rnoticias.com.mx\/Portal\/wp-json\/wp\/v2\/posts\/225720\/revisions"}],"predecessor-version":[{"id":225722,"href":"https:\/\/rnoticias.com.mx\/Portal\/wp-json\/wp\/v2\/posts\/225720\/revisions\/225722"}],"wp:featuredmedia":[{"embeddable":true,"href":"https:\/\/rnoticias.com.mx\/Portal\/wp-json\/wp\/v2\/media\/225721"}],"wp:attachment":[{"href":"https:\/\/rnoticias.com.mx\/Portal\/wp-json\/wp\/v2\/media?parent=225720"}],"wp:term":[{"taxonomy":"category","embeddable":true,"href":"https:\/\/rnoticias.com.mx\/Portal\/wp-json\/wp\/v2\/categories?post=225720"},{"taxonomy":"post_tag","embeddable":true,"href":"https:\/\/rnoticias.com.mx\/Portal\/wp-json\/wp\/v2\/tags?post=225720"}],"curies":[{"name":"wp","href":"https:\/\/api.w.org\/{rel}","templated":true}]}}