{"id":225712,"date":"2025-08-04T18:53:32","date_gmt":"2025-08-05T01:53:32","guid":{"rendered":"https:\/\/rnoticias.com.mx\/Portal\/?p=225712"},"modified":"2025-08-04T18:53:32","modified_gmt":"2025-08-05T01:53:32","slug":"gobierno-de-sonora-realiza-proceso-de-inscripcion-en-conalep-con-nueva-oferta-educativa","status":"publish","type":"post","link":"https:\/\/rnoticias.com.mx\/Portal\/2025\/08\/04\/gobierno-de-sonora-realiza-proceso-de-inscripcion-en-conalep-con-nueva-oferta-educativa\/","title":{"rendered":"Gobierno de Sonora realiza proceso de inscripci\u00f3n en Conalep con nueva oferta educativa"},"content":{"rendered":"<p>Hermosillo, Sonora; 4 de agosto de 2025.\u2013 Ante el pr\u00f3ximo inicio del ciclo escolar 2025-2026, el Colegio de Educaci\u00f3n Profesional T\u00e9cnica del Estado de Sonora (Conalep) comenz\u00f3 su proceso de inscripciones para el nuevo per\u00edodo, en el que se incluir\u00e1 nueva oferta educativa.<\/p>\n<p>Este proceso de admisi\u00f3n se realizar\u00e1 directamente en cada plantel y deber\u00e1 llevarse a cabo de manera presencial, presentando la documentaci\u00f3n requerida, con fecha l\u00edmite al 5 de septiembre.<\/p>\n<p>Luisa Cristina Rodr\u00edguez Ibarra, directora general de Conalep Sonora, inform\u00f3 que la instituci\u00f3n ha ampliado su oferta educativa con la incorporaci\u00f3n de la carrera de Ciencia de Datos e Inteligencia Artificial (IA), que comenzar\u00e1 a impartirse en el pr\u00f3ximo ciclo escolar en el plantel Hermosillo II.<\/p>\n<p>Detall\u00f3 que dicha carrera tendr\u00e1 una capacidad de 100 alumnos, con el objetivo de mantenerse a la vanguardia en las necesidades educativas de las nuevas generaciones.<\/p>\n<p>\u201cNuestra instituci\u00f3n educativa responde a la necesidad de formar profesionales t\u00e9cnicos bachiller con un perfil id\u00f3neo, solicitado por el sector productivo. J\u00f3venes con amplios conocimientos y capacidad para desempe\u00f1arse en cualquier empresa o instituci\u00f3n\u201d, a\u00f1adi\u00f3.<\/p>\n<p>En este nuevo ciclo, el subsistema contar\u00e1 con seis mil 441 espacios disponibles para los j\u00f3venes que deseen estudiar alguna de las 20 carreras de profesional t\u00e9cnico bachiller que ofrece el colegio.<\/p>\n<p>Desde Conalep Sonora, se reconoce y agradece el respaldo del Gobierno del Estado de Sonora, cuyo compromiso con la educaci\u00f3n ha sido clave para fortalecer la oferta acad\u00e9mica y continuar impulsando el desarrollo de j\u00f3venes preparados para los retos del futuro.<\/p>\n<p>Requisitos:<\/p>\n<p>* Certificado de secundaria (original y copia).<\/p>\n<p>* Comprobante de asignaci\u00f3n de curso Prepason.<\/p>\n<p>* Acta de nacimiento (original y copia).<\/p>\n<p>* Clave \u00danica de Registro de Poblaci\u00f3n (CURP, copia).<\/p>\n<p>* Comprobante de domicilio (copia).<\/p>\n<p>* N\u00famero de afiliaci\u00f3n del Seguro Social Estudiantil (NSS).<\/p>\n<p>* Correo electr\u00f3nico personal.<\/p>\n<p>* 4 fotograf\u00edas tama\u00f1o infantil (a color o en blanco y negro).<\/p>\n<p>* Llenar el formato de inscripci\u00f3n (directamente en el plantel).<\/p>\n","protected":false},"excerpt":{"rendered":"<p>Hermosillo, Sonora; 4 de agosto de 2025.\u2013 Ante el pr\u00f3ximo inicio del ciclo escolar 2025-2026, el Colegio de Educaci\u00f3n Profesional T\u00e9cnica del Estado de Sonora (Conalep) comenz\u00f3 su proceso de inscripciones para el nuevo per\u00edodo, en el que se incluir\u00e1 nueva oferta educativa. Este proceso de admisi\u00f3n se realizar\u00e1 directamente en cada plantel y deber\u00e1 [&hellip;]<\/p>\n","protected":false},"author":2,"featured_media":225713,"comment_status":"closed","ping_status":"closed","sticky":false,"template":"","format":"standard","meta":{"footnotes":""},"categories":[12870,178],"tags":[12865,12869],"class_list":["post-225712","post","type-post","status-publish","format-standard","has-post-thumbnail","hentry","category-destacadas","category-local","tag-destacadas","tag-local"],"jetpack_featured_media_url":"https:\/\/rnoticias.com.mx\/Portal\/wp-content\/uploads\/2025\/08\/unnamed-1-3.jpg","amp_enabled":true,"_links":{"self":[{"href":"https:\/\/rnoticias.com.mx\/Portal\/wp-json\/wp\/v2\/posts\/225712","targetHints":{"allow":["GET"]}}],"collection":[{"href":"https:\/\/rnoticias.com.mx\/Portal\/wp-json\/wp\/v2\/posts"}],"about":[{"href":"https:\/\/rnoticias.com.mx\/Portal\/wp-json\/wp\/v2\/types\/post"}],"author":[{"embeddable":true,"href":"https:\/\/rnoticias.com.mx\/Portal\/wp-json\/wp\/v2\/users\/2"}],"replies":[{"embeddable":true,"href":"https:\/\/rnoticias.com.mx\/Portal\/wp-json\/wp\/v2\/comments?post=225712"}],"version-history":[{"count":1,"href":"https:\/\/rnoticias.com.mx\/Portal\/wp-json\/wp\/v2\/posts\/225712\/revisions"}],"predecessor-version":[{"id":225714,"href":"https:\/\/rnoticias.com.mx\/Portal\/wp-json\/wp\/v2\/posts\/225712\/revisions\/225714"}],"wp:featuredmedia":[{"embeddable":true,"href":"https:\/\/rnoticias.com.mx\/Portal\/wp-json\/wp\/v2\/media\/225713"}],"wp:attachment":[{"href":"https:\/\/rnoticias.com.mx\/Portal\/wp-json\/wp\/v2\/media?parent=225712"}],"wp:term":[{"taxonomy":"category","embeddable":true,"href":"https:\/\/rnoticias.com.mx\/Portal\/wp-json\/wp\/v2\/categories?post=225712"},{"taxonomy":"post_tag","embeddable":true,"href":"https:\/\/rnoticias.com.mx\/Portal\/wp-json\/wp\/v2\/tags?post=225712"}],"curies":[{"name":"wp","href":"https:\/\/api.w.org\/{rel}","templated":true}]}}