{"id":225706,"date":"2025-08-04T18:51:11","date_gmt":"2025-08-05T01:51:11","guid":{"rendered":"https:\/\/rnoticias.com.mx\/Portal\/?p=225706"},"modified":"2025-08-04T18:51:11","modified_gmt":"2025-08-05T01:51:11","slug":"el-gobierno-de-sonora-celebra-el-mes-de-las-juventudes-con-una-amplia-cartelera-de-actividades","status":"publish","type":"post","link":"https:\/\/rnoticias.com.mx\/Portal\/2025\/08\/04\/el-gobierno-de-sonora-celebra-el-mes-de-las-juventudes-con-una-amplia-cartelera-de-actividades\/","title":{"rendered":"El Gobierno de Sonora celebra el Mes de las Juventudes con una amplia cartelera de actividades"},"content":{"rendered":"<p>Hermosillo, Sonora; 4 de agosto de 2025.- El Gobierno del Estado de Sonora, a trav\u00e9s del Instituto Sonorense de la Juventud (ISJ), anunci\u00f3 su cartelera de actividades para celebrar el Mes de las Juventudes, que se llevar\u00e1 a cabo durante todo el mes de agosto en distintos municipios del estado.<\/p>\n<p>En rueda de prensa, la directora general del\u00a0ISJ, Rebeca Valenzuela \u00c1lvarez, dio a conocer que esta celebraci\u00f3n contempla talleres, pl\u00e1ticas, conferencias, competencias de videojuegos, carreras, rodadas ciclistas y m\u00e1s, dirigidas a las y los j\u00f3venes sonorenses, con el objetivo de impulsar su participaci\u00f3n y desarrollo en distintos \u00e1mbitos.<\/p>\n<p>\u201cUn joven ocupado en lo que le apasiona construye un mejor futuro. Por eso, el Instituto Sonorense de la Juventud ofrece una amplia variedad de actividades dise\u00f1adas para satisfacer los intereses y necesidades de nuestra juventud.\u201d, se\u00f1al\u00f3.<\/p>\n<p>Entre las actividades m\u00e1s representativas se encuentran la ya tradicional Carrera Vaquera Ne\u00f3n, que se realizar\u00e1 el 30 de agosto en el Estadio Sonora; las conferencias Mentes en Movimiento, programadas para el 12 de agosto en Nogales; el evento cultural Sonora Hip Hop, que se llevar\u00e1 a cabo el 17 de agosto en la Plaza Bicentenario; as\u00ed como\u00a0Diversiferia, un festival que promueve la inclusi\u00f3n y la diversidad, el 24 de agosto, tambi\u00e9n en Plaza Bicentenario.<\/p>\n<p>Adem\u00e1s, del 19 al 22 de agosto se desarrollar\u00e1 el Bootcamp Emprendedor en las instalaciones del\u00a0ISJ, mientras que el 29 de agosto se celebrar\u00e1 en Guaymas una reuni\u00f3n con directores de las instancias municipales de juventud.<\/p>\n<p>Valenzuela \u00c1lvarez destac\u00f3 que durante los 31 d\u00edas del mes se llevar\u00e1n a cabo actividades completamente gratuitas, por lo que invit\u00f3 a las juventudes sonorenses a consultar la programaci\u00f3n completa a trav\u00e9s de las redes sociales del\u00a0ISJ, o bien, comunicarse v\u00eda WhatsApp al n\u00famero 662 444 77 42.<\/p>\n","protected":false},"excerpt":{"rendered":"<p>Hermosillo, Sonora; 4 de agosto de 2025.- El Gobierno del Estado de Sonora, a trav\u00e9s del Instituto Sonorense de la Juventud (ISJ), anunci\u00f3 su cartelera de actividades para celebrar el Mes de las Juventudes, que se llevar\u00e1 a cabo durante todo el mes de agosto en distintos municipios del estado. En rueda de prensa, la [&hellip;]<\/p>\n","protected":false},"author":2,"featured_media":225707,"comment_status":"closed","ping_status":"closed","sticky":false,"template":"","format":"standard","meta":{"footnotes":""},"categories":[12870,178],"tags":[12865,12869],"class_list":["post-225706","post","type-post","status-publish","format-standard","has-post-thumbnail","hentry","category-destacadas","category-local","tag-destacadas","tag-local"],"jetpack_featured_media_url":"https:\/\/rnoticias.com.mx\/Portal\/wp-content\/uploads\/2025\/08\/unnamed-5.jpg","amp_enabled":true,"_links":{"self":[{"href":"https:\/\/rnoticias.com.mx\/Portal\/wp-json\/wp\/v2\/posts\/225706","targetHints":{"allow":["GET"]}}],"collection":[{"href":"https:\/\/rnoticias.com.mx\/Portal\/wp-json\/wp\/v2\/posts"}],"about":[{"href":"https:\/\/rnoticias.com.mx\/Portal\/wp-json\/wp\/v2\/types\/post"}],"author":[{"embeddable":true,"href":"https:\/\/rnoticias.com.mx\/Portal\/wp-json\/wp\/v2\/users\/2"}],"replies":[{"embeddable":true,"href":"https:\/\/rnoticias.com.mx\/Portal\/wp-json\/wp\/v2\/comments?post=225706"}],"version-history":[{"count":1,"href":"https:\/\/rnoticias.com.mx\/Portal\/wp-json\/wp\/v2\/posts\/225706\/revisions"}],"predecessor-version":[{"id":225708,"href":"https:\/\/rnoticias.com.mx\/Portal\/wp-json\/wp\/v2\/posts\/225706\/revisions\/225708"}],"wp:featuredmedia":[{"embeddable":true,"href":"https:\/\/rnoticias.com.mx\/Portal\/wp-json\/wp\/v2\/media\/225707"}],"wp:attachment":[{"href":"https:\/\/rnoticias.com.mx\/Portal\/wp-json\/wp\/v2\/media?parent=225706"}],"wp:term":[{"taxonomy":"category","embeddable":true,"href":"https:\/\/rnoticias.com.mx\/Portal\/wp-json\/wp\/v2\/categories?post=225706"},{"taxonomy":"post_tag","embeddable":true,"href":"https:\/\/rnoticias.com.mx\/Portal\/wp-json\/wp\/v2\/tags?post=225706"}],"curies":[{"name":"wp","href":"https:\/\/api.w.org\/{rel}","templated":true}]}}