{"id":225700,"date":"2025-08-04T18:19:31","date_gmt":"2025-08-05T01:19:31","guid":{"rendered":"https:\/\/rnoticias.com.mx\/Portal\/?p=225700"},"modified":"2025-08-04T18:19:31","modified_gmt":"2025-08-05T01:19:31","slug":"reactiva-gobierno-de-sonora-recorrido-de-repuve-por-municipios","status":"publish","type":"post","link":"https:\/\/rnoticias.com.mx\/Portal\/2025\/08\/04\/reactiva-gobierno-de-sonora-recorrido-de-repuve-por-municipios\/","title":{"rendered":"Reactiva Gobierno de Sonora recorrido de Repuve por municipios"},"content":{"rendered":"<p>Mazat\u00e1n, Sonora; 4 de agosto de 2025.- A partir de este lunes 4 de agosto, el Gobierno de Sonora reactiv\u00f3 el recorrido de la unidad itinerante del Registro P\u00fablico Vehicular (Repuve) por municipios del estado, en apoyo a la ciudadan\u00eda con el proceso de regularizaci\u00f3n de autos usados de procedencia extranjera.<\/p>\n<p>Del 4 al 8 de agosto, personal de la Secretar\u00eda de Seguridad P\u00fablica (SSP) asignado a Repuve estar\u00e1 en Mazat\u00e1n para atender a las y los interesados en este tr\u00e1mite que brinda certeza legal de propiedad.<\/p>\n<p>La SSP Sonora inform\u00f3 que la unidad m\u00f3vil se encuentra frente a las instalaciones del H. Ayuntamiento de Mazat\u00e1n, ubicado en calle Miguel Hidalgo y Castilla n\u00famero 234, colonia Centro, en un horario de atenci\u00f3n de 8:00 a 15:00 horas.<\/p>\n<p>Para acceder al servicio correspondiente, la instituci\u00f3n estatal record\u00f3 a las personas interesadas que deben agendar cita previamente, \u00fanicamente a trav\u00e9s del portal oficial de Repuve:\u00a0<a href=\"https:\/\/regularizaauto.sspc.gob.mx\/\" target=\"_blank\" rel=\"noopener\" data-saferedirecturl=\"https:\/\/www.google.com\/url?q=https:\/\/regularizaauto.sspc.gob.mx\/&amp;source=gmail&amp;ust=1754422989377000&amp;usg=AOvVaw0rcaRyoeTb6Kboblb0tC6Z\">https:\/\/regularizaauto.sspc.<wbr \/>gob.mx\/<\/a>.<\/p>\n","protected":false},"excerpt":{"rendered":"<p>Mazat\u00e1n, Sonora; 4 de agosto de 2025.- A partir de este lunes 4 de agosto, el Gobierno de Sonora reactiv\u00f3 el recorrido de la unidad itinerante del Registro P\u00fablico Vehicular (Repuve) por municipios del estado, en apoyo a la ciudadan\u00eda con el proceso de regularizaci\u00f3n de autos usados de procedencia extranjera. Del 4 al 8 [&hellip;]<\/p>\n","protected":false},"author":2,"featured_media":225701,"comment_status":"closed","ping_status":"closed","sticky":false,"template":"","format":"standard","meta":{"footnotes":""},"categories":[12870,174],"tags":[12865,12873],"class_list":["post-225700","post","type-post","status-publish","format-standard","has-post-thumbnail","hentry","category-destacadas","category-estatal","tag-destacadas","tag-estatal"],"jetpack_featured_media_url":"https:\/\/rnoticias.com.mx\/Portal\/wp-content\/uploads\/2025\/08\/unnamed-2-1.jpg","amp_enabled":true,"_links":{"self":[{"href":"https:\/\/rnoticias.com.mx\/Portal\/wp-json\/wp\/v2\/posts\/225700","targetHints":{"allow":["GET"]}}],"collection":[{"href":"https:\/\/rnoticias.com.mx\/Portal\/wp-json\/wp\/v2\/posts"}],"about":[{"href":"https:\/\/rnoticias.com.mx\/Portal\/wp-json\/wp\/v2\/types\/post"}],"author":[{"embeddable":true,"href":"https:\/\/rnoticias.com.mx\/Portal\/wp-json\/wp\/v2\/users\/2"}],"replies":[{"embeddable":true,"href":"https:\/\/rnoticias.com.mx\/Portal\/wp-json\/wp\/v2\/comments?post=225700"}],"version-history":[{"count":1,"href":"https:\/\/rnoticias.com.mx\/Portal\/wp-json\/wp\/v2\/posts\/225700\/revisions"}],"predecessor-version":[{"id":225702,"href":"https:\/\/rnoticias.com.mx\/Portal\/wp-json\/wp\/v2\/posts\/225700\/revisions\/225702"}],"wp:featuredmedia":[{"embeddable":true,"href":"https:\/\/rnoticias.com.mx\/Portal\/wp-json\/wp\/v2\/media\/225701"}],"wp:attachment":[{"href":"https:\/\/rnoticias.com.mx\/Portal\/wp-json\/wp\/v2\/media?parent=225700"}],"wp:term":[{"taxonomy":"category","embeddable":true,"href":"https:\/\/rnoticias.com.mx\/Portal\/wp-json\/wp\/v2\/categories?post=225700"},{"taxonomy":"post_tag","embeddable":true,"href":"https:\/\/rnoticias.com.mx\/Portal\/wp-json\/wp\/v2\/tags?post=225700"}],"curies":[{"name":"wp","href":"https:\/\/api.w.org\/{rel}","templated":true}]}}