{"id":225697,"date":"2025-08-04T18:18:37","date_gmt":"2025-08-05T01:18:37","guid":{"rendered":"https:\/\/rnoticias.com.mx\/Portal\/?p=225697"},"modified":"2025-08-04T18:18:37","modified_gmt":"2025-08-05T01:18:37","slug":"con-impulso-de-gobernador-durazo-sonora-recibe-por-primera-vez-la-feria-mexicana-de-ciencias-para-profesionalizacion-de-jovenes","status":"publish","type":"post","link":"https:\/\/rnoticias.com.mx\/Portal\/2025\/08\/04\/con-impulso-de-gobernador-durazo-sonora-recibe-por-primera-vez-la-feria-mexicana-de-ciencias-para-profesionalizacion-de-jovenes\/","title":{"rendered":"Con impulso de Gobernador Durazo, Sonora recibe por primera vez la Feria Mexicana de Ciencias para profesionalizaci\u00f3n de j\u00f3venes"},"content":{"rendered":"<p>Hermosillo, Sonora; 4 de agosto de 2025.- Con el prop\u00f3sito de fortalecer el desarrollo de la ciencia y la tecnolog\u00eda en el pa\u00eds, y fomentar vocaciones cient\u00edficas entre las y los j\u00f3venes, por primera vez en la historia, Sonora ser\u00e1 sede nacional de la Feria Mexicana de Ciencias e Ingenier\u00edas (FEMECI) 2026, anunci\u00f3 el gobernador Alfonso Durazo Monta\u00f1o.<\/p>\n<p>Esta feria organizada por la Red Nacional de Organismos y Consejos Estatales de Ciencia y Tecnolog\u00eda (REDNACECYT), se llevar\u00e1 a cabo a partir del 12 de marzo del pr\u00f3ximo a\u00f1o, destac\u00f3 el mandatario estatal, misma que se desarrollar\u00e1 como un evento de talla nacional respaldado por el gobierno de la presidenta Claudia Sheinbaum Pardo, ya que forma parte de su visi\u00f3n de fomentar espacios que impulsen la creatividad y vocaci\u00f3n cient\u00edfica. En el encuentro participar\u00e1n los equipos que resulten ganadores de las Ferias Estatales de Ciencias e Ingenier\u00edas de todo el pa\u00eds.<\/p>\n<p>\u201cEste evento se realizar\u00e1 por primera vez en Sonora, San Carlos se convertir\u00e1 en el punto de encuentro de la comunidad acad\u00e9mica y cient\u00edfica de todo el pa\u00eds. Recibiremos a m\u00e1s de 400 asistentes nacionales con un prop\u00f3sito com\u00fan, presentar ideas y soluciones que mejoren la vida de las y los mexicanos\u201d, enfatiz\u00f3 Durazo Monta\u00f1o.<\/p>\n<p>Con esta distinci\u00f3n, Sonora reafirma su apuesta por fortalecer una cultura cient\u00edfica en la juventud, abrir espacios de expresi\u00f3n para nuevas ideas, y crear condiciones que favorezcan el crecimiento del ecosistema cient\u00edfico-tecnol\u00f3gico en la entidad y en el pa\u00eds.<\/p>\n<p>La FEMECI ser\u00e1 una plataforma para que los ganadores de las Ferias Estatales de Ciencias e Ingenier\u00edas de todo el pa\u00eds participen y puedan materializar sus proyectos cient\u00edficos, tecnol\u00f3gicos y de innovaci\u00f3n en pro de sociedad. La agenda incluye exposiciones, talleres, conferencias magistrales y actividades de divulgaci\u00f3n.<\/p>\n<p>El proceso de evaluaci\u00f3n estar\u00e1 a cargo del comit\u00e9 de evaluadores conformado por investigadores y tecn\u00f3logos a nivel nacional. Las categor\u00edas son: agroindustria y alimentos, ciencias ambientales, ciencias b\u00e1sicas, ciencias sociales, qu\u00edmica y biolog\u00eda, ingenier\u00edas, medicina y ciencias de la salud y sistemas inform\u00e1ticos.<\/p>\n","protected":false},"excerpt":{"rendered":"<p>Hermosillo, Sonora; 4 de agosto de 2025.- Con el prop\u00f3sito de fortalecer el desarrollo de la ciencia y la tecnolog\u00eda en el pa\u00eds, y fomentar vocaciones cient\u00edficas entre las y los j\u00f3venes, por primera vez en la historia, Sonora ser\u00e1 sede nacional de la Feria Mexicana de Ciencias e Ingenier\u00edas (FEMECI) 2026, anunci\u00f3 el gobernador [&hellip;]<\/p>\n","protected":false},"author":2,"featured_media":225698,"comment_status":"closed","ping_status":"closed","sticky":false,"template":"","format":"standard","meta":{"footnotes":""},"categories":[12870,178],"tags":[12865,12869],"class_list":["post-225697","post","type-post","status-publish","format-standard","has-post-thumbnail","hentry","category-destacadas","category-local","tag-destacadas","tag-local"],"jetpack_featured_media_url":"https:\/\/rnoticias.com.mx\/Portal\/wp-content\/uploads\/2025\/08\/unnamed-4.jpg","amp_enabled":true,"_links":{"self":[{"href":"https:\/\/rnoticias.com.mx\/Portal\/wp-json\/wp\/v2\/posts\/225697","targetHints":{"allow":["GET"]}}],"collection":[{"href":"https:\/\/rnoticias.com.mx\/Portal\/wp-json\/wp\/v2\/posts"}],"about":[{"href":"https:\/\/rnoticias.com.mx\/Portal\/wp-json\/wp\/v2\/types\/post"}],"author":[{"embeddable":true,"href":"https:\/\/rnoticias.com.mx\/Portal\/wp-json\/wp\/v2\/users\/2"}],"replies":[{"embeddable":true,"href":"https:\/\/rnoticias.com.mx\/Portal\/wp-json\/wp\/v2\/comments?post=225697"}],"version-history":[{"count":1,"href":"https:\/\/rnoticias.com.mx\/Portal\/wp-json\/wp\/v2\/posts\/225697\/revisions"}],"predecessor-version":[{"id":225699,"href":"https:\/\/rnoticias.com.mx\/Portal\/wp-json\/wp\/v2\/posts\/225697\/revisions\/225699"}],"wp:featuredmedia":[{"embeddable":true,"href":"https:\/\/rnoticias.com.mx\/Portal\/wp-json\/wp\/v2\/media\/225698"}],"wp:attachment":[{"href":"https:\/\/rnoticias.com.mx\/Portal\/wp-json\/wp\/v2\/media?parent=225697"}],"wp:term":[{"taxonomy":"category","embeddable":true,"href":"https:\/\/rnoticias.com.mx\/Portal\/wp-json\/wp\/v2\/categories?post=225697"},{"taxonomy":"post_tag","embeddable":true,"href":"https:\/\/rnoticias.com.mx\/Portal\/wp-json\/wp\/v2\/tags?post=225697"}],"curies":[{"name":"wp","href":"https:\/\/api.w.org\/{rel}","templated":true}]}}