{"id":225694,"date":"2025-08-04T17:40:39","date_gmt":"2025-08-05T00:40:39","guid":{"rendered":"https:\/\/rnoticias.com.mx\/Portal\/?p=225694"},"modified":"2025-08-04T17:40:39","modified_gmt":"2025-08-05T00:40:39","slug":"gobierno-de-sonora-apoya-economia-familiar-con-bazar-escolar-2025","status":"publish","type":"post","link":"https:\/\/rnoticias.com.mx\/Portal\/2025\/08\/04\/gobierno-de-sonora-apoya-economia-familiar-con-bazar-escolar-2025\/","title":{"rendered":"Gobierno de Sonora apoya econom\u00eda familiar con Bazar Escolar 2025"},"content":{"rendered":"<p>Hermosillo, Sonora; 4 de agosto de 2025.- Con el compromiso de apoyar la econom\u00eda de las familias sonorenses y garantizar un regreso a clases m\u00e1s accesible para ni\u00f1as, ni\u00f1os y adolescentes, el Gobierno de Sonora realizar\u00e1 el Bazar Escolar 2025 en dos sedes de Hermosillo, ofreciendo \u00fatiles escolares a bajo costo y diversos servicios gratuitos.<\/p>\n<p>Coordinado por el Sistema DIF Sonora, este esfuerzo solidario est\u00e1 dirigido principalmente a familias en situaci\u00f3n de vulnerabilidad, a quienes se brindar\u00e1 acceso a productos escolares indispensables con descuentos que van del 40 al 60 por ciento respecto al mercado local.<\/p>\n<p>Gracias al impulso de la presidenta honoraria de DIF Sonora, Roc\u00edo Ch\u00e1vez Murillo, este bazar refleja el firme compromiso de velar por el bienestar de la ni\u00f1ez, procurando que cuenten con las herramientas necesarias para un regreso a clases digno, as\u00ed como para un aprendizaje y desarrollo integral.<\/p>\n<p>Por su parte, la titular de la unidad del voluntariado de DIF Sonora, Patricia Lara Garc\u00eda, destac\u00f3 que, adem\u00e1s de la venta de art\u00edculos escolares a bajo costo, se ofrecer\u00e1n servicios gratuitos como corte de cabello para ni\u00f1as, ni\u00f1os y adolescentes, valoraci\u00f3n de la vista y lentes de lectura, expedici\u00f3n de actas de nacimiento,\u00a0credencializaci\u00f3n\u00a0de transporte p\u00fablico, as\u00ed como actividades recreativas.<\/p>\n<p>El Bazar Escolar 2025 se llevar\u00e1 a cabo en las siguientes fechas y sedes:<\/p>\n<p>* S\u00e1bado 9 de agosto, en el Gimnasio Polifuncional Ana Gabriela Guevara, colonia Altares.<\/p>\n<p>* S\u00e1bado 16 de agosto, en el Pabell\u00f3n Pelota del CUM, colonia \u00c1lvaro Obreg\u00f3n.<\/p>\n<p>Horario en ambas sedes: de 9:00 a 14:00 horas.<\/p>\n<p>En esta edici\u00f3n, se espera beneficiar a numerosas familias hermosillenses, gracias al trabajo conjunto de m\u00e1s de 25 grupos de\u00a0voluntariados, dependencias gubernamentales, empresas aliadas y sociedad civil.<\/p>\n","protected":false},"excerpt":{"rendered":"<p>Hermosillo, Sonora; 4 de agosto de 2025.- Con el compromiso de apoyar la econom\u00eda de las familias sonorenses y garantizar un regreso a clases m\u00e1s accesible para ni\u00f1as, ni\u00f1os y adolescentes, el Gobierno de Sonora realizar\u00e1 el Bazar Escolar 2025 en dos sedes de Hermosillo, ofreciendo \u00fatiles escolares a bajo costo y diversos servicios gratuitos. [&hellip;]<\/p>\n","protected":false},"author":2,"featured_media":225695,"comment_status":"closed","ping_status":"closed","sticky":false,"template":"","format":"standard","meta":{"footnotes":""},"categories":[12870,178],"tags":[12865,12869],"class_list":["post-225694","post","type-post","status-publish","format-standard","has-post-thumbnail","hentry","category-destacadas","category-local","tag-destacadas","tag-local"],"jetpack_featured_media_url":"https:\/\/rnoticias.com.mx\/Portal\/wp-content\/uploads\/2025\/08\/unnamed-1-2.jpg","amp_enabled":true,"_links":{"self":[{"href":"https:\/\/rnoticias.com.mx\/Portal\/wp-json\/wp\/v2\/posts\/225694","targetHints":{"allow":["GET"]}}],"collection":[{"href":"https:\/\/rnoticias.com.mx\/Portal\/wp-json\/wp\/v2\/posts"}],"about":[{"href":"https:\/\/rnoticias.com.mx\/Portal\/wp-json\/wp\/v2\/types\/post"}],"author":[{"embeddable":true,"href":"https:\/\/rnoticias.com.mx\/Portal\/wp-json\/wp\/v2\/users\/2"}],"replies":[{"embeddable":true,"href":"https:\/\/rnoticias.com.mx\/Portal\/wp-json\/wp\/v2\/comments?post=225694"}],"version-history":[{"count":1,"href":"https:\/\/rnoticias.com.mx\/Portal\/wp-json\/wp\/v2\/posts\/225694\/revisions"}],"predecessor-version":[{"id":225696,"href":"https:\/\/rnoticias.com.mx\/Portal\/wp-json\/wp\/v2\/posts\/225694\/revisions\/225696"}],"wp:featuredmedia":[{"embeddable":true,"href":"https:\/\/rnoticias.com.mx\/Portal\/wp-json\/wp\/v2\/media\/225695"}],"wp:attachment":[{"href":"https:\/\/rnoticias.com.mx\/Portal\/wp-json\/wp\/v2\/media?parent=225694"}],"wp:term":[{"taxonomy":"category","embeddable":true,"href":"https:\/\/rnoticias.com.mx\/Portal\/wp-json\/wp\/v2\/categories?post=225694"},{"taxonomy":"post_tag","embeddable":true,"href":"https:\/\/rnoticias.com.mx\/Portal\/wp-json\/wp\/v2\/tags?post=225694"}],"curies":[{"name":"wp","href":"https:\/\/api.w.org\/{rel}","templated":true}]}}