{"id":225640,"date":"2025-08-01T17:04:26","date_gmt":"2025-08-02T00:04:26","guid":{"rendered":"https:\/\/rnoticias.com.mx\/Portal\/?p=225640"},"modified":"2025-08-01T17:04:26","modified_gmt":"2025-08-02T00:04:26","slug":"america-espera-firmar-al-jugador-frances-allan-saint-maximin","status":"publish","type":"post","link":"https:\/\/rnoticias.com.mx\/Portal\/2025\/08\/01\/america-espera-firmar-al-jugador-frances-allan-saint-maximin\/","title":{"rendered":"Am\u00e9rica espera firmar al jugador franc\u00e9s Allan Saint-Maximin"},"content":{"rendered":"<p><strong>Am\u00e9rica espera concretar el fichaje del jugador franc\u00e9s Allan Saint-Maximin,<\/strong>\u00a0antiguo jugador de Newcastle y la selecci\u00f3n francesa para este Apertura 2025, as\u00ed lo informaron fuentes cercanas a la instituci\u00f3n.<\/p>\n<p>El extremo<strong>\u00a0se encuentra actualmente con el equipo \u00e1rabe Al-Ahli, luego de terminar su pr\u00e9stamo con el Fenerbahce;<\/strong>\u00a0y actualmente el conjunto azulcrema se encuentra en negociaciones muy avanzadas con el club y con la agencia que representa al franc\u00e9s.<\/p>\n<p>La cifra de\u00a0<strong>la transferencia rondar\u00eda los 10 millones de d\u00f3lares<\/strong>, un precio elevado pero que el Am\u00e9rica pod\u00eda solventar f\u00e1cilmente. En caso de que todas las partes lleguen a un acuerdo,<strong>\u00a0Maximin firmar\u00eda un contrato por cuatro a\u00f1os.<\/strong><\/p>\n<p>Actualmente los de Coapa se encuentran en un bache, sin mostrar un futbol espectacular en el torneo local, caer en penales ante Real Salt Lake en la Leagues Cup, y sobretodo, caer ante Toluca en el Campe\u00f3n de Campeones, por lo que, de concretar este fichaje,\u00a0<strong>el nivel del equipo subir\u00eda y la afici\u00f3n volver\u00eda a esperanzarse.<\/strong><\/p>\n<p>&nbsp;<\/p>\n<p>&nbsp;<\/p>\n<p>Fuente: ESPN<\/p>\n","protected":false},"excerpt":{"rendered":"<p>Am\u00e9rica espera concretar el fichaje del jugador franc\u00e9s Allan Saint-Maximin,\u00a0antiguo jugador de Newcastle y la selecci\u00f3n francesa para este Apertura 2025, as\u00ed lo informaron fuentes cercanas a la instituci\u00f3n. El extremo\u00a0se encuentra actualmente con el equipo \u00e1rabe Al-Ahli, luego de terminar su pr\u00e9stamo con el Fenerbahce;\u00a0y actualmente el conjunto azulcrema se encuentra en negociaciones muy [&hellip;]<\/p>\n","protected":false},"author":2,"featured_media":225641,"comment_status":"closed","ping_status":"closed","sticky":false,"template":"","format":"standard","meta":{"footnotes":""},"categories":[188,12870],"tags":[5231,12865],"class_list":["post-225640","post","type-post","status-publish","format-standard","has-post-thumbnail","hentry","category-deportes","category-destacadas","tag-deportes","tag-destacadas"],"jetpack_featured_media_url":"https:\/\/rnoticias.com.mx\/Portal\/wp-content\/uploads\/2025\/08\/f776x436-663147_711498_5050.webp","amp_enabled":true,"_links":{"self":[{"href":"https:\/\/rnoticias.com.mx\/Portal\/wp-json\/wp\/v2\/posts\/225640","targetHints":{"allow":["GET"]}}],"collection":[{"href":"https:\/\/rnoticias.com.mx\/Portal\/wp-json\/wp\/v2\/posts"}],"about":[{"href":"https:\/\/rnoticias.com.mx\/Portal\/wp-json\/wp\/v2\/types\/post"}],"author":[{"embeddable":true,"href":"https:\/\/rnoticias.com.mx\/Portal\/wp-json\/wp\/v2\/users\/2"}],"replies":[{"embeddable":true,"href":"https:\/\/rnoticias.com.mx\/Portal\/wp-json\/wp\/v2\/comments?post=225640"}],"version-history":[{"count":1,"href":"https:\/\/rnoticias.com.mx\/Portal\/wp-json\/wp\/v2\/posts\/225640\/revisions"}],"predecessor-version":[{"id":225642,"href":"https:\/\/rnoticias.com.mx\/Portal\/wp-json\/wp\/v2\/posts\/225640\/revisions\/225642"}],"wp:featuredmedia":[{"embeddable":true,"href":"https:\/\/rnoticias.com.mx\/Portal\/wp-json\/wp\/v2\/media\/225641"}],"wp:attachment":[{"href":"https:\/\/rnoticias.com.mx\/Portal\/wp-json\/wp\/v2\/media?parent=225640"}],"wp:term":[{"taxonomy":"category","embeddable":true,"href":"https:\/\/rnoticias.com.mx\/Portal\/wp-json\/wp\/v2\/categories?post=225640"},{"taxonomy":"post_tag","embeddable":true,"href":"https:\/\/rnoticias.com.mx\/Portal\/wp-json\/wp\/v2\/tags?post=225640"}],"curies":[{"name":"wp","href":"https:\/\/api.w.org\/{rel}","templated":true}]}}