{"id":225631,"date":"2025-08-01T16:59:19","date_gmt":"2025-08-01T23:59:19","guid":{"rendered":"https:\/\/rnoticias.com.mx\/Portal\/?p=225631"},"modified":"2025-08-01T16:59:19","modified_gmt":"2025-08-01T23:59:19","slug":"arquidiocesis-de-hermosillo-hara-seminario-contra-abusos","status":"publish","type":"post","link":"https:\/\/rnoticias.com.mx\/Portal\/2025\/08\/01\/arquidiocesis-de-hermosillo-hara-seminario-contra-abusos\/","title":{"rendered":"Arquidi\u00f3cesis de Hermosillo har\u00e1 seminario contra abusos"},"content":{"rendered":"<p>Hermosillo, Sonora. La Arquidi\u00f3cesis de Hermosillo realizar\u00e1 el primer Seminario de Concientizaci\u00f3n y Prevenci\u00f3n del Abuso a Menores de Edad, los d\u00edas 16 y 17 de agosto, con el objetivo de fomentar entornos seguros para ni\u00f1as, ni\u00f1os y personas vulnerables.<\/p>\n<p>&nbsp;<\/p>\n<p>El sacerdote Mart\u00edn Gerardo Hern\u00e1ndez, de la Comisi\u00f3n de Protecci\u00f3n a Menores, inform\u00f3 que se abordar\u00e1n temas sobre prevenci\u00f3n, atenci\u00f3n y acciones adoptadas por la Iglesia cat\u00f3lica a nivel local y global.<\/p>\n<p>&nbsp;<\/p>\n<p>\u201cHabr\u00e1 panelistas del Vaticano, M\u00e9xico y la comunidad local, incluyendo al padre David Portillo, referente en Am\u00e9rica Latina en temas de prevenci\u00f3n y estar\u00e1 dirigido a agentes de pastoral y personas interesadas en el tema.\u201d, dijo.<\/p>\n<p>&nbsp;<\/p>\n<p>Por \u00faltimo, destac\u00f3 que la Iglesia busca no s\u00f3lo reconocer errores del pasado, sino actuar con responsabilidad para evitar que se repitan, como parte de una estrategia global impulsada desde el Vaticano.<\/p>\n","protected":false},"excerpt":{"rendered":"<p>Hermosillo, Sonora. La Arquidi\u00f3cesis de Hermosillo realizar\u00e1 el primer Seminario de Concientizaci\u00f3n y Prevenci\u00f3n del Abuso a Menores de Edad, los d\u00edas 16 y 17 de agosto, con el objetivo de fomentar entornos seguros para ni\u00f1as, ni\u00f1os y personas vulnerables. &nbsp; El sacerdote Mart\u00edn Gerardo Hern\u00e1ndez, de la Comisi\u00f3n de Protecci\u00f3n a Menores, inform\u00f3 que [&hellip;]<\/p>\n","protected":false},"author":2,"featured_media":225632,"comment_status":"closed","ping_status":"closed","sticky":false,"template":"","format":"standard","meta":{"footnotes":""},"categories":[12870,178],"tags":[12865,12869],"class_list":["post-225631","post","type-post","status-publish","format-standard","has-post-thumbnail","hentry","category-destacadas","category-local","tag-destacadas","tag-local"],"jetpack_featured_media_url":"https:\/\/rnoticias.com.mx\/Portal\/wp-content\/uploads\/2025\/08\/catedral-de-hermosillo-1.jpg","amp_enabled":true,"_links":{"self":[{"href":"https:\/\/rnoticias.com.mx\/Portal\/wp-json\/wp\/v2\/posts\/225631","targetHints":{"allow":["GET"]}}],"collection":[{"href":"https:\/\/rnoticias.com.mx\/Portal\/wp-json\/wp\/v2\/posts"}],"about":[{"href":"https:\/\/rnoticias.com.mx\/Portal\/wp-json\/wp\/v2\/types\/post"}],"author":[{"embeddable":true,"href":"https:\/\/rnoticias.com.mx\/Portal\/wp-json\/wp\/v2\/users\/2"}],"replies":[{"embeddable":true,"href":"https:\/\/rnoticias.com.mx\/Portal\/wp-json\/wp\/v2\/comments?post=225631"}],"version-history":[{"count":1,"href":"https:\/\/rnoticias.com.mx\/Portal\/wp-json\/wp\/v2\/posts\/225631\/revisions"}],"predecessor-version":[{"id":225633,"href":"https:\/\/rnoticias.com.mx\/Portal\/wp-json\/wp\/v2\/posts\/225631\/revisions\/225633"}],"wp:featuredmedia":[{"embeddable":true,"href":"https:\/\/rnoticias.com.mx\/Portal\/wp-json\/wp\/v2\/media\/225632"}],"wp:attachment":[{"href":"https:\/\/rnoticias.com.mx\/Portal\/wp-json\/wp\/v2\/media?parent=225631"}],"wp:term":[{"taxonomy":"category","embeddable":true,"href":"https:\/\/rnoticias.com.mx\/Portal\/wp-json\/wp\/v2\/categories?post=225631"},{"taxonomy":"post_tag","embeddable":true,"href":"https:\/\/rnoticias.com.mx\/Portal\/wp-json\/wp\/v2\/tags?post=225631"}],"curies":[{"name":"wp","href":"https:\/\/api.w.org\/{rel}","templated":true}]}}