{"id":225628,"date":"2025-08-01T16:55:13","date_gmt":"2025-08-01T23:55:13","guid":{"rendered":"https:\/\/rnoticias.com.mx\/Portal\/?p=225628"},"modified":"2025-08-01T16:55:13","modified_gmt":"2025-08-01T23:55:13","slug":"arreciara-el-calor-este-fin-de-semana-en-sonora-hermosillo-alcanzaria-los-47-grados-conagua","status":"publish","type":"post","link":"https:\/\/rnoticias.com.mx\/Portal\/2025\/08\/01\/arreciara-el-calor-este-fin-de-semana-en-sonora-hermosillo-alcanzaria-los-47-grados-conagua\/","title":{"rendered":"Arreciar\u00e1 el calor este fin de semana en Sonora; Hermosillo alcanzar\u00eda los 47 grados: Conagua"},"content":{"rendered":"<p>Hermosillo, Sonora. Las altas temperaturas continuar\u00e1n afectando a Sonora durante el fin de semana, con un repunte importante en el calor a partir de este viernes, advirti\u00f3 Gilberto Lagarda V\u00e1zquez.<\/p>\n<p>&nbsp;<\/p>\n<p>El especialista t\u00e9cnico de la Comisi\u00f3n Nacional del Agua (Conagua) en Sonora, inform\u00f3 que se espera que la ciudad de Hermosillo registre temperaturas m\u00e1ximas de hasta 47 grados cent\u00edgrados tanto el viernes como el s\u00e1bado.<\/p>\n<p>&nbsp;<\/p>\n<p>\u201cEstas condiciones para la ciudad de Hermosillo ser\u00edan a consecuencia de la permanencia de un sistema de alta presi\u00f3n sobre el noroeste del pa\u00eds y que reforzar\u00e1 la ola de calor en la regi\u00f3n\u201d, cont\u00f3.<\/p>\n<p>&nbsp;<\/p>\n<p>A pesar del ambiente extremadamente caluroso, Lagarda V\u00e1zquez se\u00f1al\u00f3 que tambi\u00e9n podr\u00edan presentarse lluvias ligeras, principalmente en la zona oriental y sur del estado, como resultado de humedad proveniente del monz\u00f3n mexicano, por lo que llam\u00f3 a la poblaci\u00f3n a mantenerse atenta a los avisos meteorol\u00f3gicos.<\/p>\n<p>&nbsp;<\/p>\n<p>Finalmente, detall\u00f3 que otros municipios donde se esperan valores altos de temperaturas este fin de semana son: San Luis R\u00edo Colorado, Moctezuma y Magdalena con 44 grados y Sonoyta, Caborca y Arizpe 45 grados cent\u00edgrados.<\/p>\n<p>&nbsp;<\/p>\n","protected":false},"excerpt":{"rendered":"<p>Hermosillo, Sonora. Las altas temperaturas continuar\u00e1n afectando a Sonora durante el fin de semana, con un repunte importante en el calor a partir de este viernes, advirti\u00f3 Gilberto Lagarda V\u00e1zquez. &nbsp; El especialista t\u00e9cnico de la Comisi\u00f3n Nacional del Agua (Conagua) en Sonora, inform\u00f3 que se espera que la ciudad de Hermosillo registre temperaturas m\u00e1ximas [&hellip;]<\/p>\n","protected":false},"author":2,"featured_media":225629,"comment_status":"closed","ping_status":"closed","sticky":false,"template":"","format":"standard","meta":{"footnotes":""},"categories":[12870,174],"tags":[12865,12873],"class_list":["post-225628","post","type-post","status-publish","format-standard","has-post-thumbnail","hentry","category-destacadas","category-estatal","tag-destacadas","tag-estatal"],"jetpack_featured_media_url":"https:\/\/rnoticias.com.mx\/Portal\/wp-content\/uploads\/2025\/08\/5c0c8ce2-526d-4ed9-868a-45a86551cb3c-e1749241152392.webp","amp_enabled":true,"_links":{"self":[{"href":"https:\/\/rnoticias.com.mx\/Portal\/wp-json\/wp\/v2\/posts\/225628","targetHints":{"allow":["GET"]}}],"collection":[{"href":"https:\/\/rnoticias.com.mx\/Portal\/wp-json\/wp\/v2\/posts"}],"about":[{"href":"https:\/\/rnoticias.com.mx\/Portal\/wp-json\/wp\/v2\/types\/post"}],"author":[{"embeddable":true,"href":"https:\/\/rnoticias.com.mx\/Portal\/wp-json\/wp\/v2\/users\/2"}],"replies":[{"embeddable":true,"href":"https:\/\/rnoticias.com.mx\/Portal\/wp-json\/wp\/v2\/comments?post=225628"}],"version-history":[{"count":1,"href":"https:\/\/rnoticias.com.mx\/Portal\/wp-json\/wp\/v2\/posts\/225628\/revisions"}],"predecessor-version":[{"id":225630,"href":"https:\/\/rnoticias.com.mx\/Portal\/wp-json\/wp\/v2\/posts\/225628\/revisions\/225630"}],"wp:featuredmedia":[{"embeddable":true,"href":"https:\/\/rnoticias.com.mx\/Portal\/wp-json\/wp\/v2\/media\/225629"}],"wp:attachment":[{"href":"https:\/\/rnoticias.com.mx\/Portal\/wp-json\/wp\/v2\/media?parent=225628"}],"wp:term":[{"taxonomy":"category","embeddable":true,"href":"https:\/\/rnoticias.com.mx\/Portal\/wp-json\/wp\/v2\/categories?post=225628"},{"taxonomy":"post_tag","embeddable":true,"href":"https:\/\/rnoticias.com.mx\/Portal\/wp-json\/wp\/v2\/tags?post=225628"}],"curies":[{"name":"wp","href":"https:\/\/api.w.org\/{rel}","templated":true}]}}