{"id":225541,"date":"2025-07-31T14:44:39","date_gmt":"2025-07-31T21:44:39","guid":{"rendered":"https:\/\/rnoticias.com.mx\/Portal\/?p=225541"},"modified":"2025-07-31T14:44:39","modified_gmt":"2025-07-31T21:44:39","slug":"tormenta-tropical-gil-se-forma-en-el-pacifico-preven-que-se-aleje-de-mexico","status":"publish","type":"post","link":"https:\/\/rnoticias.com.mx\/Portal\/2025\/07\/31\/tormenta-tropical-gil-se-forma-en-el-pacifico-preven-que-se-aleje-de-mexico\/","title":{"rendered":"Tormenta tropical &#8216;Gil&#8217; se forma en el Pac\u00edfico, prev\u00e9n que se aleje de M\u00e9xico"},"content":{"rendered":"<p>El\u00a0<strong>Servicio Meteorol\u00f3gico Nacional<\/strong>\u00a0(SMN) anunci\u00f3 este jueves que se form\u00f3 la\u00a0<strong>tormenta tropical<\/strong>\u00a0\u2018Gil\u2019 en el Oc\u00e9ano Pac\u00edfico, al sur-suroeste de la pen\u00ednsula de Baja California, durante la madrugada.<\/p>\n<p>El cicl\u00f3n se ubica a mil 260 kil\u00f3metros al sur-suroeste de Cabo San Lucas, en\u00a0<strong>Baja California Sur<\/strong>. El SMN indic\u00f3 que se form\u00f3 lejos de las costas de M\u00e9xico, por lo que se prev\u00e9 que no genere\u00a0<strong>afectaciones<\/strong>\u00a0en territorio nacional y, de acuerdo con su pron\u00f3stico, se espera que el cicl\u00f3n \u2018Gil\u2019 se siga alejando de\u00a0<strong>costas mexicanas<\/strong>, manteniendo un desplazamiento hacia el oeste, para seguirse adentrando en aguas del Oc\u00e9ano Pac\u00edfico.<\/p>\n<p>No obstante, el SMN prev\u00e9 que el cicl\u00f3n \u2018Gil\u2019 siga ganando fuerza hasta que alcance a convertirse en\u00a0<strong>hurac\u00e1n<\/strong>\u00a0categor\u00eda 1, a partir del viernes 1 de agosto.<\/p>\n<p>Cabe mencionar que la\u00a0<strong>temporada de huracanes<\/strong>\u00a0en costas de M\u00e9xico termina hasta el 30 de noviembre, por lo que es muy probable que se sigan generando ciclones en el\u00a0<strong>Oc\u00e9ano Pac\u00edfico y Atl\u00e1ntico<\/strong>, generando afectaciones al pa\u00eds. Es probable que todav\u00eda se formen entre 9 y 13 ciclones m\u00e1s.<\/p>\n<p>&nbsp;<\/p>\n<p>Fuente: Excelsior<\/p>\n","protected":false},"excerpt":{"rendered":"<p>El\u00a0Servicio Meteorol\u00f3gico Nacional\u00a0(SMN) anunci\u00f3 este jueves que se form\u00f3 la\u00a0tormenta tropical\u00a0\u2018Gil\u2019 en el Oc\u00e9ano Pac\u00edfico, al sur-suroeste de la pen\u00ednsula de Baja California, durante la madrugada. El cicl\u00f3n se ubica a mil 260 kil\u00f3metros al sur-suroeste de Cabo San Lucas, en\u00a0Baja California Sur. El SMN indic\u00f3 que se form\u00f3 lejos de las costas de M\u00e9xico, [&hellip;]<\/p>\n","protected":false},"author":2,"featured_media":225542,"comment_status":"closed","ping_status":"closed","sticky":false,"template":"","format":"standard","meta":{"footnotes":""},"categories":[12870,172],"tags":[12865,12874],"class_list":["post-225541","post","type-post","status-publish","format-standard","has-post-thumbnail","hentry","category-destacadas","category-nacional","tag-destacadas","tag-nacional"],"jetpack_featured_media_url":"https:\/\/rnoticias.com.mx\/Portal\/wp-content\/uploads\/2025\/07\/Se-forma-la-tormenta-tropical-Gil-en-el-Pacifico-1-1024x576-1.webp","amp_enabled":true,"_links":{"self":[{"href":"https:\/\/rnoticias.com.mx\/Portal\/wp-json\/wp\/v2\/posts\/225541","targetHints":{"allow":["GET"]}}],"collection":[{"href":"https:\/\/rnoticias.com.mx\/Portal\/wp-json\/wp\/v2\/posts"}],"about":[{"href":"https:\/\/rnoticias.com.mx\/Portal\/wp-json\/wp\/v2\/types\/post"}],"author":[{"embeddable":true,"href":"https:\/\/rnoticias.com.mx\/Portal\/wp-json\/wp\/v2\/users\/2"}],"replies":[{"embeddable":true,"href":"https:\/\/rnoticias.com.mx\/Portal\/wp-json\/wp\/v2\/comments?post=225541"}],"version-history":[{"count":1,"href":"https:\/\/rnoticias.com.mx\/Portal\/wp-json\/wp\/v2\/posts\/225541\/revisions"}],"predecessor-version":[{"id":225543,"href":"https:\/\/rnoticias.com.mx\/Portal\/wp-json\/wp\/v2\/posts\/225541\/revisions\/225543"}],"wp:featuredmedia":[{"embeddable":true,"href":"https:\/\/rnoticias.com.mx\/Portal\/wp-json\/wp\/v2\/media\/225542"}],"wp:attachment":[{"href":"https:\/\/rnoticias.com.mx\/Portal\/wp-json\/wp\/v2\/media?parent=225541"}],"wp:term":[{"taxonomy":"category","embeddable":true,"href":"https:\/\/rnoticias.com.mx\/Portal\/wp-json\/wp\/v2\/categories?post=225541"},{"taxonomy":"post_tag","embeddable":true,"href":"https:\/\/rnoticias.com.mx\/Portal\/wp-json\/wp\/v2\/tags?post=225541"}],"curies":[{"name":"wp","href":"https:\/\/api.w.org\/{rel}","templated":true}]}}